{"id":1858,"date":"2022-04-28T08:44:00","date_gmt":"2022-04-28T08:44:00","guid":{"rendered":"https:\/\/utw-piotrkow.pl\/wputw\/?p=1858"},"modified":"2023-01-28T08:47:31","modified_gmt":"2023-01-28T08:47:31","slug":"fotorelacja-czlonkow-kola-foto-utw","status":"publish","type":"post","link":"https:\/\/utw-piotrkow.pl\/wputw\/2022\/04\/28\/fotorelacja-czlonkow-kola-foto-utw\/","title":{"rendered":"Fotorelacja cz\u0142onk\u00f3w Ko\u0142a Foto-UTW"},"content":{"rendered":"\n<p>Fotorelacja cz\u0142onk\u00f3w <strong>Ko\u0142a Foto-UTW<\/strong> z pleneru, kt\u00f3ry odby\u0142 si\u0119 <strong>31 marca 2022 roku<\/strong> na <strong>Cmentarzu \u017bydowskim w Piotrkowie Trybunalskim<\/strong>. Zapraszamy do obejrzenia zdj\u0119\u0107.<\/p>\n\n\n\n<figure class=\"wp-block-gallery has-nested-images columns-default is-cropped wp-block-gallery-1 is-layout-flex wp-block-gallery-is-layout-flex\">\n<figure class=\"wp-block-image size-large\"><a href=\"https:\/\/utw-piotrkow.pl\/wputw\/wp-content\/uploads\/2023\/01\/Plener-Cmentarz.Zydowski15092201.jpg\"><img loading=\"lazy\" decoding=\"async\" width=\"800\" height=\"533\" data-id=\"1864\" src=\"https:\/\/utw-piotrkow.pl\/wputw\/wp-content\/uploads\/2023\/01\/Plener-Cmentarz.Zydowski15092201.jpg\" alt=\"\" class=\"wp-image-1864\" srcset=\"https:\/\/utw-piotrkow.pl\/wputw\/wp-content\/uploads\/2023\/01\/Plener-Cmentarz.Zydowski15092201.jpg 800w, https:\/\/utw-piotrkow.pl\/wputw\/wp-content\/uploads\/2023\/01\/Plener-Cmentarz.Zydowski15092201-300x200.jpg 300w, https:\/\/utw-piotrkow.pl\/wputw\/wp-content\/uploads\/2023\/01\/Plener-Cmentarz.Zydowski15092201-768x512.jpg 768w\" sizes=\"auto, (max-width: 800px) 100vw, 800px\" \/><\/a><\/figure>\n\n\n\n<figure class=\"wp-block-image size-large\"><a href=\"https:\/\/utw-piotrkow.pl\/wputw\/wp-content\/uploads\/2023\/01\/Plener-Cmentarz.Zydowski15092202.jpg\"><img loading=\"lazy\" decoding=\"async\" width=\"800\" height=\"533\" data-id=\"1862\" src=\"https:\/\/utw-piotrkow.pl\/wputw\/wp-content\/uploads\/2023\/01\/Plener-Cmentarz.Zydowski15092202.jpg\" alt=\"\" class=\"wp-image-1862\" srcset=\"https:\/\/utw-piotrkow.pl\/wputw\/wp-content\/uploads\/2023\/01\/Plener-Cmentarz.Zydowski15092202.jpg 800w, https:\/\/utw-piotrkow.pl\/wputw\/wp-content\/uploads\/2023\/01\/Plener-Cmentarz.Zydowski15092202-300x200.jpg 300w, https:\/\/utw-piotrkow.pl\/wputw\/wp-content\/uploads\/2023\/01\/Plener-Cmentarz.Zydowski15092202-768x512.jpg 768w\" sizes=\"auto, (max-width: 800px) 100vw, 800px\" \/><\/a><\/figure>\n\n\n\n<figure class=\"wp-block-image size-large\"><a href=\"https:\/\/utw-piotrkow.pl\/wputw\/wp-content\/uploads\/2023\/01\/Plener-Cmentarz.Zydowski15092203.jpg\"><img loading=\"lazy\" decoding=\"async\" width=\"800\" height=\"533\" data-id=\"1861\" src=\"https:\/\/utw-piotrkow.pl\/wputw\/wp-content\/uploads\/2023\/01\/Plener-Cmentarz.Zydowski15092203.jpg\" alt=\"\" class=\"wp-image-1861\" srcset=\"https:\/\/utw-piotrkow.pl\/wputw\/wp-content\/uploads\/2023\/01\/Plener-Cmentarz.Zydowski15092203.jpg 800w, https:\/\/utw-piotrkow.pl\/wputw\/wp-content\/uploads\/2023\/01\/Plener-Cmentarz.Zydowski15092203-300x200.jpg 300w, https:\/\/utw-piotrkow.pl\/wputw\/wp-content\/uploads\/2023\/01\/Plener-Cmentarz.Zydowski15092203-768x512.jpg 768w\" sizes=\"auto, (max-width: 800px) 100vw, 800px\" \/><\/a><\/figure>\n\n\n\n<figure class=\"wp-block-image size-large\"><a href=\"https:\/\/utw-piotrkow.pl\/wputw\/wp-content\/uploads\/2023\/01\/Plener-Cmentarz.Zydowski15092204.jpg\"><img loading=\"lazy\" decoding=\"async\" width=\"533\" height=\"800\" data-id=\"1863\" src=\"https:\/\/utw-piotrkow.pl\/wputw\/wp-content\/uploads\/2023\/01\/Plener-Cmentarz.Zydowski15092204.jpg\" alt=\"\" class=\"wp-image-1863\" srcset=\"https:\/\/utw-piotrkow.pl\/wputw\/wp-content\/uploads\/2023\/01\/Plener-Cmentarz.Zydowski15092204.jpg 533w, https:\/\/utw-piotrkow.pl\/wputw\/wp-content\/uploads\/2023\/01\/Plener-Cmentarz.Zydowski15092204-200x300.jpg 200w\" sizes=\"auto, (max-width: 533px) 100vw, 533px\" \/><\/a><\/figure>\n\n\n\n<figure class=\"wp-block-image size-large\"><a href=\"https:\/\/utw-piotrkow.pl\/wputw\/wp-content\/uploads\/2023\/01\/Plener-Cmentarz.Zydowski15092205.jpg\"><img loading=\"lazy\" decoding=\"async\" width=\"533\" height=\"800\" data-id=\"1859\" src=\"https:\/\/utw-piotrkow.pl\/wputw\/wp-content\/uploads\/2023\/01\/Plener-Cmentarz.Zydowski15092205.jpg\" alt=\"\" class=\"wp-image-1859\" srcset=\"https:\/\/utw-piotrkow.pl\/wputw\/wp-content\/uploads\/2023\/01\/Plener-Cmentarz.Zydowski15092205.jpg 533w, https:\/\/utw-piotrkow.pl\/wputw\/wp-content\/uploads\/2023\/01\/Plener-Cmentarz.Zydowski15092205-200x300.jpg 200w\" sizes=\"auto, (max-width: 533px) 100vw, 533px\" \/><\/a><\/figure>\n\n\n\n<figure class=\"wp-block-image size-large\"><a href=\"https:\/\/utw-piotrkow.pl\/wputw\/wp-content\/uploads\/2023\/01\/Plener-Cmentarz.Zydowski15092206.jpg\"><img loading=\"lazy\" decoding=\"async\" width=\"800\" height=\"533\" data-id=\"1860\" src=\"https:\/\/utw-piotrkow.pl\/wputw\/wp-content\/uploads\/2023\/01\/Plener-Cmentarz.Zydowski15092206.jpg\" alt=\"\" class=\"wp-image-1860\" srcset=\"https:\/\/utw-piotrkow.pl\/wputw\/wp-content\/uploads\/2023\/01\/Plener-Cmentarz.Zydowski15092206.jpg 800w, https:\/\/utw-piotrkow.pl\/wputw\/wp-content\/uploads\/2023\/01\/Plener-Cmentarz.Zydowski15092206-300x200.jpg 300w, https:\/\/utw-piotrkow.pl\/wputw\/wp-content\/uploads\/2023\/01\/Plener-Cmentarz.Zydowski15092206-768x512.jpg 768w\" sizes=\"auto, (max-width: 800px) 100vw, 800px\" \/><\/a><\/figure>\n\n\n\n<figure class=\"wp-block-image size-large\"><a href=\"https:\/\/utw-piotrkow.pl\/wputw\/wp-content\/uploads\/2023\/01\/Plener-Cmentarz.Zydowski15092207.jpg\"><img loading=\"lazy\" decoding=\"async\" width=\"800\" height=\"600\" data-id=\"1865\" src=\"https:\/\/utw-piotrkow.pl\/wputw\/wp-content\/uploads\/2023\/01\/Plener-Cmentarz.Zydowski15092207.jpg\" alt=\"\" class=\"wp-image-1865\" srcset=\"https:\/\/utw-piotrkow.pl\/wputw\/wp-content\/uploads\/2023\/01\/Plener-Cmentarz.Zydowski15092207.jpg 800w, https:\/\/utw-piotrkow.pl\/wputw\/wp-content\/uploads\/2023\/01\/Plener-Cmentarz.Zydowski15092207-300x225.jpg 300w, https:\/\/utw-piotrkow.pl\/wputw\/wp-content\/uploads\/2023\/01\/Plener-Cmentarz.Zydowski15092207-768x576.jpg 768w\" sizes=\"auto, (max-width: 800px) 100vw, 800px\" \/><\/a><figcaption class=\"wp-element-caption\">OLYMPUS DIGITAL CAMERA<\/figcaption><\/figure>\n<\/figure>\n","protected":false},"excerpt":{"rendered":"<p>Fotorelacja cz\u0142onk\u00f3w Ko\u0142a Foto-UTW z pleneru, kt\u00f3ry odby\u0142 si\u0119 31 marca 2022 roku na Cmentarzu \u017bydowskim w Piotrkowie Trybunalskim. Zapraszamy do obejrzenia zdj\u0119\u0107.<\/p>\n","protected":false},"author":1,"featured_media":0,"comment_status":"closed","ping_status":"closed","sticky":false,"template":"","format":"standard","meta":{"zakra_page_container_layout":"customizer","zakra_page_sidebar_layout":"customizer","zakra_remove_content_margin":false,"zakra_sidebar":"customizer","zakra_transparent_header":"customizer","zakra_logo":0,"zakra_main_header_style":"default","zakra_menu_item_color":"","zakra_menu_item_hover_color":"","zakra_menu_item_active_color":"","zakra_menu_active_style":"","zakra_page_header":true,"footnotes":"","_links_to":"","_links_to_target":""},"categories":[13,16],"tags":[],"class_list":["post-1858","post","type-post","status-publish","format-standard","hentry","category-2021-2022","category-nasze-talenty"],"_links":{"self":[{"href":"https:\/\/utw-piotrkow.pl\/wputw\/wp-json\/wp\/v2\/posts\/1858","targetHints":{"allow":["GET"]}}],"collection":[{"href":"https:\/\/utw-piotrkow.pl\/wputw\/wp-json\/wp\/v2\/posts"}],"about":[{"href":"https:\/\/utw-piotrkow.pl\/wputw\/wp-json\/wp\/v2\/types\/post"}],"author":[{"embeddable":true,"href":"https:\/\/utw-piotrkow.pl\/wputw\/wp-json\/wp\/v2\/users\/1"}],"replies":[{"embeddable":true,"href":"https:\/\/utw-piotrkow.pl\/wputw\/wp-json\/wp\/v2\/comments?post=1858"}],"version-history":[{"count":1,"href":"https:\/\/utw-piotrkow.pl\/wputw\/wp-json\/wp\/v2\/posts\/1858\/revisions"}],"predecessor-version":[{"id":1866,"href":"https:\/\/utw-piotrkow.pl\/wputw\/wp-json\/wp\/v2\/posts\/1858\/revisions\/1866"}],"wp:attachment":[{"href":"https:\/\/utw-piotrkow.pl\/wputw\/wp-json\/wp\/v2\/media?parent=1858"}],"wp:term":[{"taxonomy":"category","embeddable":true,"href":"https:\/\/utw-piotrkow.pl\/wputw\/wp-json\/wp\/v2\/categories?post=1858"},{"taxonomy":"post_tag","embeddable":true,"href":"https:\/\/utw-piotrkow.pl\/wputw\/wp-json\/wp\/v2\/tags?post=1858"}],"curies":[{"name":"wp","href":"https:\/\/api.w.org\/{rel}","templated":true}]}}