{"id":288,"date":"2013-12-16T15:52:00","date_gmt":"2013-12-16T15:52:00","guid":{"rendered":"https:\/\/utw-piotrkow.pl\/wputw\/?p=288"},"modified":"2023-01-24T15:56:32","modified_gmt":"2023-01-24T15:56:32","slug":"ii-ogolnopolska-konferencja-uniwersytetow-trzeciego-wieku","status":"publish","type":"post","link":"https:\/\/utw-piotrkow.pl\/wputw\/2013\/12\/16\/ii-ogolnopolska-konferencja-uniwersytetow-trzeciego-wieku\/","title":{"rendered":"II OG\u00d3LNOPOLSKA KONFERENCJA UNIWERSYTET\u00d3W TRZECIEGO WIEKU"},"content":{"rendered":"\n<p><strong>16 grudnia 2013r.<\/strong> by\u0142am zaproszona jako lider UTW Piotrk\u00f3w Tryb. na <strong>II OG\u00d3LNOPOLSK\u0104 KONFERENCJ\u0118 UNIWERSYTET\u00d3W TRZECIEGO WIEKU pt. &#8222;<em>Uniwersytety Trzeciego Wieku wobec wyzwa\u0144 polityki senioralnej&#8221;<\/em><\/strong>, kt\u00f3ra odby\u0142a si\u0119 w Sejmie RP, w Sali Kolumnowej, pod patronatem Marsza\u0142ka Sejmu RP.<\/p>\n\n\n\n<p>Go\u015bcie tej konferencji:<br><strong>Anna Komorowska<\/strong> &#8211; Ma\u0142\u017conka Prezydenta RP<br><strong>Ewa Kopacz<\/strong> &#8211; Marsza\u0142ek Sejmu<br><strong>Micha\u0142 Szczerba<\/strong> &#8211; Przewodnicz\u0105cy Parlamentarnego Zespo\u0142u ds.UTW<br><strong>W\u0142adys\u0142aw Kosiniak-Kamysz<\/strong> &#8211; Min. Pracy i Polityki Socjalnej<br><strong>Marzena Breza<\/strong> &#8211; Dyr. Departamentu Polityki Senioralnej<br><strong>Krystyna Lewkowicz<\/strong> &#8211; Prezes Og\u00f3lnopolskiego Porozumienia UTW<br>oraz liderzy UTW dyskutowali nad za\u0142o\u017ceniami <strong>\u201eD\u0142ugofalowej Polityki Senioralnej w Polsce na lata 2014-2020\u201d<\/strong>.<\/p>\n\n\n\n<p>Sformu\u0142owane w nim rekomendacje zosta\u0142y przyj\u0119te jako wyzwania i kierunki dzia\u0142ania Uniwersytet\u00f3w Trzeciego Wieku.<br>W\u015br\u00f3d nich:<\/p>\n\n\n\n<ul class=\"wp-block-list\">\n<li>UTW promowa\u0107 b\u0119d\u0105 w swoich gminach powo\u0142ywanie<strong> gminnych rad senior\u00f3w<\/strong>, maj\u0105cych charakter inicjatywny, konsultacyjny i doradczy,<\/li>\n\n\n\n<li>wyst\u0105pili\u015bmy z wnioskiem do Marsza\u0142ka Sejmu RP o powo\u0142anie w Sejmie <strong>sta\u0142ej Komisji ds. polityki senioralnej<\/strong>. Pani Ewa Kopacz poinformowa\u0142a nas, \u017ce utworzy sta\u0142\u0105 podkomisj\u0119 ds. polityki senioralnej.<\/li>\n\n\n\n<li>wyst\u0105pili\u015bmy do Marsza\u0142ka Sejmu z wnioskiem o ustanowienie <strong>jubileuszowego roku 2015 \u201eRokiem Profesor Haliny Szwarc\u201d<\/strong><\/li>\n\n\n\n<li>b\u0119dziemy promowa\u0107 w Polsce powo\u0142anie <strong>Obywatelskiego Parlamentu Senior\u00f3w<\/strong> \u2013 jako krajowego przedstawiciela os\u00f3b starszych.<\/li>\n\n\n\n<li><strong>powsta\u0142 Zesp\u00f3\u0142 roboczy ds. obchod\u00f3w 40-lecia UTW<\/strong>, kt\u00f3re b\u0119d\u0105 obchodzone w 2015r.<\/li>\n<\/ul>\n\n\n\n<p>S\u0105 to tylko niekt\u00f3re z przyj\u0119tych przez \u015brodowiska UTW kierunk\u00f3w dzia\u0142ania.<\/p>\n\n\n\n<p>Na tej\u017ce Konferencji poprosi\u0142am Pani\u0105 Prezydentow\u0105 Ann\u0119 Komorowsk\u0105 o dedykacj\u0119 dla UTW Piotrk\u00f3w i takow\u0105 otrzyma\u0142am. Fotogrfia w za\u0142\u0105czeniu.<\/p>\n\n\n\n<p><em>Zdj\u0119cia: Janina Franczak\u2013Kujawska<\/em><br><em>Tekst: Janina Franczak-Kujawska<\/em><\/p>\n\n\n\n<figure class=\"wp-block-gallery has-nested-images columns-default is-cropped wp-block-gallery-1 is-layout-flex wp-block-gallery-is-layout-flex\">\n<figure class=\"wp-block-image size-large\"><a href=\"https:\/\/utw-piotrkow.pl\/wputw\/wp-content\/uploads\/2023\/01\/Konf.UTW-Warszawa19011401.jpg\"><img loading=\"lazy\" decoding=\"async\" width=\"800\" height=\"533\" data-id=\"290\" src=\"https:\/\/utw-piotrkow.pl\/wputw\/wp-content\/uploads\/2023\/01\/Konf.UTW-Warszawa19011401.jpg\" alt=\"\" class=\"wp-image-290\" srcset=\"https:\/\/utw-piotrkow.pl\/wputw\/wp-content\/uploads\/2023\/01\/Konf.UTW-Warszawa19011401.jpg 800w, https:\/\/utw-piotrkow.pl\/wputw\/wp-content\/uploads\/2023\/01\/Konf.UTW-Warszawa19011401-300x200.jpg 300w, https:\/\/utw-piotrkow.pl\/wputw\/wp-content\/uploads\/2023\/01\/Konf.UTW-Warszawa19011401-768x512.jpg 768w\" sizes=\"auto, (max-width: 800px) 100vw, 800px\" \/><\/a><\/figure>\n\n\n\n<figure class=\"wp-block-image size-large\"><a href=\"https:\/\/utw-piotrkow.pl\/wputw\/wp-content\/uploads\/2023\/01\/Konf.UTW-Warszawa19011402.jpg\"><img loading=\"lazy\" decoding=\"async\" width=\"800\" height=\"533\" data-id=\"291\" src=\"https:\/\/utw-piotrkow.pl\/wputw\/wp-content\/uploads\/2023\/01\/Konf.UTW-Warszawa19011402.jpg\" alt=\"\" class=\"wp-image-291\" srcset=\"https:\/\/utw-piotrkow.pl\/wputw\/wp-content\/uploads\/2023\/01\/Konf.UTW-Warszawa19011402.jpg 800w, https:\/\/utw-piotrkow.pl\/wputw\/wp-content\/uploads\/2023\/01\/Konf.UTW-Warszawa19011402-300x200.jpg 300w, https:\/\/utw-piotrkow.pl\/wputw\/wp-content\/uploads\/2023\/01\/Konf.UTW-Warszawa19011402-768x512.jpg 768w\" sizes=\"auto, (max-width: 800px) 100vw, 800px\" \/><\/a><\/figure>\n\n\n\n<figure class=\"wp-block-image size-large\"><a href=\"https:\/\/utw-piotrkow.pl\/wputw\/wp-content\/uploads\/2023\/01\/Konf.UTW-Warszawa19011403.jpg\"><img loading=\"lazy\" decoding=\"async\" width=\"800\" height=\"533\" data-id=\"295\" src=\"https:\/\/utw-piotrkow.pl\/wputw\/wp-content\/uploads\/2023\/01\/Konf.UTW-Warszawa19011403.jpg\" alt=\"\" class=\"wp-image-295\" srcset=\"https:\/\/utw-piotrkow.pl\/wputw\/wp-content\/uploads\/2023\/01\/Konf.UTW-Warszawa19011403.jpg 800w, https:\/\/utw-piotrkow.pl\/wputw\/wp-content\/uploads\/2023\/01\/Konf.UTW-Warszawa19011403-300x200.jpg 300w, https:\/\/utw-piotrkow.pl\/wputw\/wp-content\/uploads\/2023\/01\/Konf.UTW-Warszawa19011403-768x512.jpg 768w\" sizes=\"auto, (max-width: 800px) 100vw, 800px\" \/><\/a><\/figure>\n\n\n\n<figure class=\"wp-block-image size-large\"><a href=\"https:\/\/utw-piotrkow.pl\/wputw\/wp-content\/uploads\/2023\/01\/Konf.UTW-Warszawa19011404.jpg\"><img loading=\"lazy\" decoding=\"async\" width=\"800\" height=\"533\" data-id=\"297\" src=\"https:\/\/utw-piotrkow.pl\/wputw\/wp-content\/uploads\/2023\/01\/Konf.UTW-Warszawa19011404.jpg\" alt=\"\" class=\"wp-image-297\" srcset=\"https:\/\/utw-piotrkow.pl\/wputw\/wp-content\/uploads\/2023\/01\/Konf.UTW-Warszawa19011404.jpg 800w, https:\/\/utw-piotrkow.pl\/wputw\/wp-content\/uploads\/2023\/01\/Konf.UTW-Warszawa19011404-300x200.jpg 300w, https:\/\/utw-piotrkow.pl\/wputw\/wp-content\/uploads\/2023\/01\/Konf.UTW-Warszawa19011404-768x512.jpg 768w\" sizes=\"auto, (max-width: 800px) 100vw, 800px\" \/><\/a><\/figure>\n\n\n\n<figure class=\"wp-block-image size-large\"><a href=\"https:\/\/utw-piotrkow.pl\/wputw\/wp-content\/uploads\/2023\/01\/Konf.UTW-Warszawa19011405.jpg\"><img loading=\"lazy\" decoding=\"async\" width=\"800\" height=\"533\" data-id=\"292\" src=\"https:\/\/utw-piotrkow.pl\/wputw\/wp-content\/uploads\/2023\/01\/Konf.UTW-Warszawa19011405.jpg\" alt=\"\" class=\"wp-image-292\" srcset=\"https:\/\/utw-piotrkow.pl\/wputw\/wp-content\/uploads\/2023\/01\/Konf.UTW-Warszawa19011405.jpg 800w, https:\/\/utw-piotrkow.pl\/wputw\/wp-content\/uploads\/2023\/01\/Konf.UTW-Warszawa19011405-300x200.jpg 300w, https:\/\/utw-piotrkow.pl\/wputw\/wp-content\/uploads\/2023\/01\/Konf.UTW-Warszawa19011405-768x512.jpg 768w\" sizes=\"auto, (max-width: 800px) 100vw, 800px\" \/><\/a><\/figure>\n\n\n\n<figure class=\"wp-block-image size-large\"><a href=\"https:\/\/utw-piotrkow.pl\/wputw\/wp-content\/uploads\/2023\/01\/Konf.UTW-Warszawa19011406.jpg\"><img loading=\"lazy\" decoding=\"async\" width=\"800\" height=\"533\" data-id=\"293\" src=\"https:\/\/utw-piotrkow.pl\/wputw\/wp-content\/uploads\/2023\/01\/Konf.UTW-Warszawa19011406.jpg\" alt=\"\" class=\"wp-image-293\" srcset=\"https:\/\/utw-piotrkow.pl\/wputw\/wp-content\/uploads\/2023\/01\/Konf.UTW-Warszawa19011406.jpg 800w, https:\/\/utw-piotrkow.pl\/wputw\/wp-content\/uploads\/2023\/01\/Konf.UTW-Warszawa19011406-300x200.jpg 300w, https:\/\/utw-piotrkow.pl\/wputw\/wp-content\/uploads\/2023\/01\/Konf.UTW-Warszawa19011406-768x512.jpg 768w\" sizes=\"auto, (max-width: 800px) 100vw, 800px\" \/><\/a><\/figure>\n\n\n\n<figure class=\"wp-block-image size-large\"><a href=\"https:\/\/utw-piotrkow.pl\/wputw\/wp-content\/uploads\/2023\/01\/Konf.UTW-Warszawa19011407.jpg\"><img loading=\"lazy\" decoding=\"async\" width=\"800\" height=\"533\" data-id=\"296\" src=\"https:\/\/utw-piotrkow.pl\/wputw\/wp-content\/uploads\/2023\/01\/Konf.UTW-Warszawa19011407.jpg\" alt=\"\" class=\"wp-image-296\" srcset=\"https:\/\/utw-piotrkow.pl\/wputw\/wp-content\/uploads\/2023\/01\/Konf.UTW-Warszawa19011407.jpg 800w, https:\/\/utw-piotrkow.pl\/wputw\/wp-content\/uploads\/2023\/01\/Konf.UTW-Warszawa19011407-300x200.jpg 300w, https:\/\/utw-piotrkow.pl\/wputw\/wp-content\/uploads\/2023\/01\/Konf.UTW-Warszawa19011407-768x512.jpg 768w\" sizes=\"auto, (max-width: 800px) 100vw, 800px\" \/><\/a><\/figure>\n\n\n\n<figure class=\"wp-block-image size-large\"><a href=\"https:\/\/utw-piotrkow.pl\/wputw\/wp-content\/uploads\/2023\/01\/Konf.UTW-Warszawa19011408.jpg\"><img loading=\"lazy\" decoding=\"async\" width=\"533\" height=\"800\" data-id=\"289\" src=\"https:\/\/utw-piotrkow.pl\/wputw\/wp-content\/uploads\/2023\/01\/Konf.UTW-Warszawa19011408.jpg\" alt=\"\" class=\"wp-image-289\" srcset=\"https:\/\/utw-piotrkow.pl\/wputw\/wp-content\/uploads\/2023\/01\/Konf.UTW-Warszawa19011408.jpg 533w, https:\/\/utw-piotrkow.pl\/wputw\/wp-content\/uploads\/2023\/01\/Konf.UTW-Warszawa19011408-200x300.jpg 200w\" sizes=\"auto, (max-width: 533px) 100vw, 533px\" \/><\/a><\/figure>\n\n\n\n<figure class=\"wp-block-image size-large\"><a href=\"https:\/\/utw-piotrkow.pl\/wputw\/wp-content\/uploads\/2023\/01\/Konf.UTW-Warszawa19011409.jpg\"><img loading=\"lazy\" decoding=\"async\" width=\"800\" height=\"533\" data-id=\"294\" src=\"https:\/\/utw-piotrkow.pl\/wputw\/wp-content\/uploads\/2023\/01\/Konf.UTW-Warszawa19011409.jpg\" alt=\"\" class=\"wp-image-294\" srcset=\"https:\/\/utw-piotrkow.pl\/wputw\/wp-content\/uploads\/2023\/01\/Konf.UTW-Warszawa19011409.jpg 800w, https:\/\/utw-piotrkow.pl\/wputw\/wp-content\/uploads\/2023\/01\/Konf.UTW-Warszawa19011409-300x200.jpg 300w, https:\/\/utw-piotrkow.pl\/wputw\/wp-content\/uploads\/2023\/01\/Konf.UTW-Warszawa19011409-768x512.jpg 768w\" sizes=\"auto, (max-width: 800px) 100vw, 800px\" \/><\/a><\/figure>\n<\/figure>\n","protected":false},"excerpt":{"rendered":"<p>16 grudnia 2013r. by\u0142am zaproszona jako lider UTW Piotrk\u00f3w Tryb. na II OG\u00d3LNOPOLSK\u0104 KONFERENCJ\u0118 UNIWERSYTET\u00d3W TRZECIEGO WIEKU pt. &#8222;Uniwersytety Trzeciego Wieku wobec wyzwa\u0144 polityki senioralnej&#8221;, kt\u00f3ra odby\u0142a si\u0119 w Sejmie RP, w Sali Kolumnowej, pod patronatem Marsza\u0142ka Sejmu RP. Go\u015bcie tej konferencji:Anna Komorowska &#8211; Ma\u0142\u017conka Prezydenta RPEwa Kopacz &#8211; Marsza\u0142ek SejmuMicha\u0142 Szczerba &#8211; Przewodnicz\u0105cy Parlamentarnego [&hellip;]<\/p>\n","protected":false},"author":1,"featured_media":0,"comment_status":"closed","ping_status":"closed","sticky":false,"template":"","format":"standard","meta":{"zakra_page_container_layout":"customizer","zakra_page_sidebar_layout":"customizer","zakra_remove_content_margin":false,"zakra_sidebar":"customizer","zakra_transparent_header":"customizer","zakra_logo":0,"zakra_main_header_style":"default","zakra_menu_item_color":"","zakra_menu_item_hover_color":"","zakra_menu_item_active_color":"","zakra_menu_active_style":"","zakra_page_header":true,"footnotes":"","_links_to":"","_links_to_target":""},"categories":[5],"tags":[],"class_list":["post-288","post","type-post","status-publish","format-standard","hentry","category-2013-2014"],"_links":{"self":[{"href":"https:\/\/utw-piotrkow.pl\/wputw\/wp-json\/wp\/v2\/posts\/288","targetHints":{"allow":["GET"]}}],"collection":[{"href":"https:\/\/utw-piotrkow.pl\/wputw\/wp-json\/wp\/v2\/posts"}],"about":[{"href":"https:\/\/utw-piotrkow.pl\/wputw\/wp-json\/wp\/v2\/types\/post"}],"author":[{"embeddable":true,"href":"https:\/\/utw-piotrkow.pl\/wputw\/wp-json\/wp\/v2\/users\/1"}],"replies":[{"embeddable":true,"href":"https:\/\/utw-piotrkow.pl\/wputw\/wp-json\/wp\/v2\/comments?post=288"}],"version-history":[{"count":1,"href":"https:\/\/utw-piotrkow.pl\/wputw\/wp-json\/wp\/v2\/posts\/288\/revisions"}],"predecessor-version":[{"id":298,"href":"https:\/\/utw-piotrkow.pl\/wputw\/wp-json\/wp\/v2\/posts\/288\/revisions\/298"}],"wp:attachment":[{"href":"https:\/\/utw-piotrkow.pl\/wputw\/wp-json\/wp\/v2\/media?parent=288"}],"wp:term":[{"taxonomy":"category","embeddable":true,"href":"https:\/\/utw-piotrkow.pl\/wputw\/wp-json\/wp\/v2\/categories?post=288"},{"taxonomy":"post_tag","embeddable":true,"href":"https:\/\/utw-piotrkow.pl\/wputw\/wp-json\/wp\/v2\/tags?post=288"}],"curies":[{"name":"wp","href":"https:\/\/api.w.org\/{rel}","templated":true}]}}