{"id":326,"date":"2013-11-24T16:06:00","date_gmt":"2013-11-24T16:06:00","guid":{"rendered":"https:\/\/utw-piotrkow.pl\/wputw\/?p=326"},"modified":"2023-01-24T16:07:21","modified_gmt":"2023-01-24T16:07:21","slug":"konkursy-fotograficzne","status":"publish","type":"post","link":"https:\/\/utw-piotrkow.pl\/wputw\/2013\/11\/24\/konkursy-fotograficzne\/","title":{"rendered":"Konkursy fotograficzne"},"content":{"rendered":"\n<p>S\u0142uchacze UTW w rozstrzygni\u0119tych w miesi\u0105cu grudniu 2013 r. <strong>konkursach fotograficznycznych<\/strong> otrzymali <strong>wiele nagr\u00f3d<\/strong> i <strong>wyr\u00f3\u017cnie\u0144<\/strong>.<br><br>1. <strong>Konkurs <em>Historia mojego miasta<\/em><\/strong> organizowany przez O\u015brodek Edukacji Artystycznej w Piotrkowie Tryb. <strong>I miejsce &#8211; R\u00f3\u017ca Lesi\u0144ska<\/strong>, <strong>II miejsce \u2013 Stanis\u0142aw Jakubczak<\/strong>, <strong>wyr\u00f3\u017cnienia: Bo\u017cena G\u0119gotek, Teresa Adamus, Dorota Nitecka<\/strong>. Osoby te uczestnicz\u0105 w warsztatach fotograficznych prowadzonych przez O\u015brodek Edukacji Artystycznej.<br><br>2. <strong>Konkurs <em>Ziemia Piotrkowska-moja ma\u0142a ojczyzna <\/em><\/strong>organizowany przez Starostwo Powiatowe w Piotrkowie Tryb. <strong>wyr\u00f3\u017cnienie<\/strong> otrzyma\u0142a <strong>R\u00f3\u017ca Lesi\u0144ska<\/strong>.<br><br>3. <strong>43 edycja Konkursu <em>Ca\u0142y Piotrk\u00f3w w Kwiatach<\/em><\/strong> organizowanego przez Towarzystwo Przyjaci\u00f3\u0142 Piotrkowa Tryb. &#8211; <strong>I nagrod\u0119<\/strong> otrzyma\u0142a <strong>Teresa Adamus<\/strong>.<br><br>W konkursach fotograficznych s\u0142uchacze UTW z roku na rok zdobywaj\u0105 coraz wi\u0119cej nagr\u00f3d i wyr\u00f3\u017cnie\u0144. Gratulujemy. <em>Rada S\u0142uchaczy.<\/em><\/p>\n\n\n\n<p><em><br>Tekst: M. Hi\u0144cza<\/em><\/p>\n","protected":false},"excerpt":{"rendered":"<p>S\u0142uchacze UTW w rozstrzygni\u0119tych w miesi\u0105cu grudniu 2013 r. konkursach fotograficznycznych otrzymali wiele nagr\u00f3d i wyr\u00f3\u017cnie\u0144. 1. Konkurs Historia mojego miasta organizowany przez O\u015brodek Edukacji Artystycznej w Piotrkowie Tryb. I miejsce &#8211; R\u00f3\u017ca Lesi\u0144ska, II miejsce \u2013 Stanis\u0142aw Jakubczak, wyr\u00f3\u017cnienia: Bo\u017cena G\u0119gotek, Teresa Adamus, Dorota Nitecka. Osoby te uczestnicz\u0105 w warsztatach fotograficznych prowadzonych przez O\u015brodek [&hellip;]<\/p>\n","protected":false},"author":1,"featured_media":0,"comment_status":"closed","ping_status":"closed","sticky":false,"template":"","format":"standard","meta":{"zakra_page_container_layout":"customizer","zakra_page_sidebar_layout":"customizer","zakra_remove_content_margin":false,"zakra_sidebar":"customizer","zakra_transparent_header":"customizer","zakra_logo":0,"zakra_main_header_style":"default","zakra_menu_item_color":"","zakra_menu_item_hover_color":"","zakra_menu_item_active_color":"","zakra_menu_active_style":"","zakra_page_header":true,"footnotes":"","_links_to":"","_links_to_target":""},"categories":[5],"tags":[],"class_list":["post-326","post","type-post","status-publish","format-standard","hentry","category-2013-2014"],"_links":{"self":[{"href":"https:\/\/utw-piotrkow.pl\/wputw\/wp-json\/wp\/v2\/posts\/326","targetHints":{"allow":["GET"]}}],"collection":[{"href":"https:\/\/utw-piotrkow.pl\/wputw\/wp-json\/wp\/v2\/posts"}],"about":[{"href":"https:\/\/utw-piotrkow.pl\/wputw\/wp-json\/wp\/v2\/types\/post"}],"author":[{"embeddable":true,"href":"https:\/\/utw-piotrkow.pl\/wputw\/wp-json\/wp\/v2\/users\/1"}],"replies":[{"embeddable":true,"href":"https:\/\/utw-piotrkow.pl\/wputw\/wp-json\/wp\/v2\/comments?post=326"}],"version-history":[{"count":1,"href":"https:\/\/utw-piotrkow.pl\/wputw\/wp-json\/wp\/v2\/posts\/326\/revisions"}],"predecessor-version":[{"id":327,"href":"https:\/\/utw-piotrkow.pl\/wputw\/wp-json\/wp\/v2\/posts\/326\/revisions\/327"}],"wp:attachment":[{"href":"https:\/\/utw-piotrkow.pl\/wputw\/wp-json\/wp\/v2\/media?parent=326"}],"wp:term":[{"taxonomy":"category","embeddable":true,"href":"https:\/\/utw-piotrkow.pl\/wputw\/wp-json\/wp\/v2\/categories?post=326"},{"taxonomy":"post_tag","embeddable":true,"href":"https:\/\/utw-piotrkow.pl\/wputw\/wp-json\/wp\/v2\/tags?post=326"}],"curies":[{"name":"wp","href":"https:\/\/api.w.org\/{rel}","templated":true}]}}