{"id":503,"date":"2015-03-04T09:33:00","date_gmt":"2015-03-04T09:33:00","guid":{"rendered":"https:\/\/utw-piotrkow.pl\/wputw\/?p=503"},"modified":"2023-01-25T09:35:39","modified_gmt":"2023-01-25T09:35:39","slug":"walne-zgromadzenie-czlonkow-stowarzyszenia-utw","status":"publish","type":"post","link":"https:\/\/utw-piotrkow.pl\/wputw\/2015\/03\/04\/walne-zgromadzenie-czlonkow-stowarzyszenia-utw\/","title":{"rendered":"Walne zgromadzenie cz\u0142onk\u00f3w Stowarzyszenia UTW"},"content":{"rendered":"\n<p><strong>04.03.2015r.<\/strong> odby\u0142o si\u0119<strong> walne zgromadzenie cz\u0142onk\u00f3w Stowarzyszenia UTW <\/strong>w Piotrkowie Tryb. Dokonano wyboru na wakaty w Zarz\u0105dzie. W tajnym g\u0142osowaniu wiceprezesem ds. programowych wybrany zosta\u0142 pan<strong> Winston K\u0142odos<\/strong>, wiceprezesem ds. sportu i turystyki zosta\u0142a pani<strong> Anna Kruszyna<\/strong>, a sekretarzem pani <strong>Gra\u017cyna \u015awistak<\/strong>.<br>Po przedstawieniu sprawozda\u0144 przez Prezes Zarz\u0105du pani\u0105 <strong>Janin\u0119 Franczak-Kujawsk\u0105<\/strong>, wiceprezes ds. finansowych pani\u0105 <strong>Ew\u0119 Jab\u0142o\u0144sk\u0105<\/strong> oraz przewodnicz\u0105c\u0105 Komisji Rewizyjnej &#8211; pani\u0105 Danut\u0119 Wo\u017aniak &#8211; w jawnym g\u0142osowaniu<strong> udzielono Zarz\u0105dowi absolutorium<\/strong>.<\/p>\n\n\n\n<p><em>Tekst:<\/em> <em>K. Marciniak <br>Foto: S. Jakubczak<\/em><\/p>\n\n\n\n<figure class=\"wp-block-gallery has-nested-images columns-default is-cropped wp-block-gallery-1 is-layout-flex wp-block-gallery-is-layout-flex\">\n<figure class=\"wp-block-image size-large\"><a href=\"https:\/\/utw-piotrkow.pl\/wputw\/wp-content\/uploads\/2023\/01\/Walne.zgromadzenie13041501.jpg\"><img loading=\"lazy\" decoding=\"async\" width=\"800\" height=\"534\" data-id=\"504\" src=\"https:\/\/utw-piotrkow.pl\/wputw\/wp-content\/uploads\/2023\/01\/Walne.zgromadzenie13041501.jpg\" alt=\"\" class=\"wp-image-504\" srcset=\"https:\/\/utw-piotrkow.pl\/wputw\/wp-content\/uploads\/2023\/01\/Walne.zgromadzenie13041501.jpg 800w, https:\/\/utw-piotrkow.pl\/wputw\/wp-content\/uploads\/2023\/01\/Walne.zgromadzenie13041501-300x200.jpg 300w, https:\/\/utw-piotrkow.pl\/wputw\/wp-content\/uploads\/2023\/01\/Walne.zgromadzenie13041501-768x513.jpg 768w\" sizes=\"auto, (max-width: 800px) 100vw, 800px\" \/><\/a><\/figure>\n\n\n\n<figure class=\"wp-block-image size-large\"><a href=\"https:\/\/utw-piotrkow.pl\/wputw\/wp-content\/uploads\/2023\/01\/Walne.zgromadzenie13041502.jpg\"><img loading=\"lazy\" decoding=\"async\" width=\"800\" height=\"533\" data-id=\"505\" src=\"https:\/\/utw-piotrkow.pl\/wputw\/wp-content\/uploads\/2023\/01\/Walne.zgromadzenie13041502.jpg\" alt=\"\" class=\"wp-image-505\" srcset=\"https:\/\/utw-piotrkow.pl\/wputw\/wp-content\/uploads\/2023\/01\/Walne.zgromadzenie13041502.jpg 800w, https:\/\/utw-piotrkow.pl\/wputw\/wp-content\/uploads\/2023\/01\/Walne.zgromadzenie13041502-300x200.jpg 300w, https:\/\/utw-piotrkow.pl\/wputw\/wp-content\/uploads\/2023\/01\/Walne.zgromadzenie13041502-768x512.jpg 768w\" sizes=\"auto, (max-width: 800px) 100vw, 800px\" \/><\/a><\/figure>\n\n\n\n<figure class=\"wp-block-image size-large\"><a href=\"https:\/\/utw-piotrkow.pl\/wputw\/wp-content\/uploads\/2023\/01\/Walne.zgromadzenie13041503.jpg\"><img loading=\"lazy\" decoding=\"async\" width=\"800\" height=\"533\" data-id=\"506\" src=\"https:\/\/utw-piotrkow.pl\/wputw\/wp-content\/uploads\/2023\/01\/Walne.zgromadzenie13041503.jpg\" alt=\"\" class=\"wp-image-506\" srcset=\"https:\/\/utw-piotrkow.pl\/wputw\/wp-content\/uploads\/2023\/01\/Walne.zgromadzenie13041503.jpg 800w, https:\/\/utw-piotrkow.pl\/wputw\/wp-content\/uploads\/2023\/01\/Walne.zgromadzenie13041503-300x200.jpg 300w, https:\/\/utw-piotrkow.pl\/wputw\/wp-content\/uploads\/2023\/01\/Walne.zgromadzenie13041503-768x512.jpg 768w\" sizes=\"auto, (max-width: 800px) 100vw, 800px\" \/><\/a><\/figure>\n<\/figure>\n","protected":false},"excerpt":{"rendered":"<p>04.03.2015r. odby\u0142o si\u0119 walne zgromadzenie cz\u0142onk\u00f3w Stowarzyszenia UTW w Piotrkowie Tryb. Dokonano wyboru na wakaty w Zarz\u0105dzie. W tajnym g\u0142osowaniu wiceprezesem ds. programowych wybrany zosta\u0142 pan Winston K\u0142odos, wiceprezesem ds. sportu i turystyki zosta\u0142a pani Anna Kruszyna, a sekretarzem pani Gra\u017cyna \u015awistak.Po przedstawieniu sprawozda\u0144 przez Prezes Zarz\u0105du pani\u0105 Janin\u0119 Franczak-Kujawsk\u0105, wiceprezes ds. finansowych pani\u0105 Ew\u0119 [&hellip;]<\/p>\n","protected":false},"author":1,"featured_media":0,"comment_status":"closed","ping_status":"closed","sticky":false,"template":"","format":"standard","meta":{"zakra_page_container_layout":"customizer","zakra_page_sidebar_layout":"customizer","zakra_remove_content_margin":false,"zakra_sidebar":"customizer","zakra_transparent_header":"customizer","zakra_logo":0,"zakra_main_header_style":"default","zakra_menu_item_color":"","zakra_menu_item_hover_color":"","zakra_menu_item_active_color":"","zakra_menu_active_style":"","zakra_page_header":true,"footnotes":"","_links_to":"","_links_to_target":""},"categories":[6],"tags":[],"class_list":["post-503","post","type-post","status-publish","format-standard","hentry","category-2014-2015"],"_links":{"self":[{"href":"https:\/\/utw-piotrkow.pl\/wputw\/wp-json\/wp\/v2\/posts\/503","targetHints":{"allow":["GET"]}}],"collection":[{"href":"https:\/\/utw-piotrkow.pl\/wputw\/wp-json\/wp\/v2\/posts"}],"about":[{"href":"https:\/\/utw-piotrkow.pl\/wputw\/wp-json\/wp\/v2\/types\/post"}],"author":[{"embeddable":true,"href":"https:\/\/utw-piotrkow.pl\/wputw\/wp-json\/wp\/v2\/users\/1"}],"replies":[{"embeddable":true,"href":"https:\/\/utw-piotrkow.pl\/wputw\/wp-json\/wp\/v2\/comments?post=503"}],"version-history":[{"count":1,"href":"https:\/\/utw-piotrkow.pl\/wputw\/wp-json\/wp\/v2\/posts\/503\/revisions"}],"predecessor-version":[{"id":507,"href":"https:\/\/utw-piotrkow.pl\/wputw\/wp-json\/wp\/v2\/posts\/503\/revisions\/507"}],"wp:attachment":[{"href":"https:\/\/utw-piotrkow.pl\/wputw\/wp-json\/wp\/v2\/media?parent=503"}],"wp:term":[{"taxonomy":"category","embeddable":true,"href":"https:\/\/utw-piotrkow.pl\/wputw\/wp-json\/wp\/v2\/categories?post=503"},{"taxonomy":"post_tag","embeddable":true,"href":"https:\/\/utw-piotrkow.pl\/wputw\/wp-json\/wp\/v2\/tags?post=503"}],"curies":[{"name":"wp","href":"https:\/\/api.w.org\/{rel}","templated":true}]}}