{"id":521,"date":"2014-12-18T09:40:00","date_gmt":"2014-12-18T09:40:00","guid":{"rendered":"https:\/\/utw-piotrkow.pl\/wputw\/?p=521"},"modified":"2023-01-25T09:42:06","modified_gmt":"2023-01-25T09:42:06","slug":"spotkanie-wigilijne","status":"publish","type":"post","link":"https:\/\/utw-piotrkow.pl\/wputw\/2014\/12\/18\/spotkanie-wigilijne\/","title":{"rendered":"Spotkanie wigilijne"},"content":{"rendered":"\n<p>Radosnych, rodzinnych \u015awi\u0105t Bo\u017cego Narodzenia oraz szcz\u0119\u015bliwego Nowego Roku \u017cyczyli sobie cz\u0142onkowie UTW na<strong> spotkaniu wigilijnym w dniu 18 grudnia 2014r.w restauracji Aresto<\/strong>.<br><br>\u017byczenia \u015bwi\u0105teczne i noworoczne z\u0142o\u017cyli r\u00f3wnie\u017c uczestnicz\u0105cy w spotkaniu zaproszeni go\u015bcie: <strong>p. Krzysztof Chojniak<\/strong> &#8211; Prezydent Piotrkowa, <strong>p. Marian B\u0142aszczy\u0144ski<\/strong> &#8211; Przewodnicz\u0105cy Rady Miasta, <strong>p. Marek Krawczy\u0144ski<\/strong> &#8211; Pe\u0142nomocnik Prezydenta Miasta, p. <strong>Stanis\u0142aw Cuba\u0142a <\/strong>&#8211; Starosta Powiatu Piotrkowskiego oraz <strong>prof. Andrzej Felchner <\/strong>&#8211; opiekun naukowy UTW. Przy wsp\u00f3lnym \u015bpiewaniu kol\u0119d i tradycyjnych potrawach wigilijnych s\u0142uchacze UTW spotkali si\u0119 tradycyjnie jak co roku aby przekaza\u0107 sobie najserdeczniejsze \u017cyczenia.<\/p>\n\n\n\n<p><em>Tekst: <\/em><em>M. Hi\u0144cza<\/em><em><br>Foto:<\/em> <em>G. Piejek<\/em><\/p>\n","protected":false},"excerpt":{"rendered":"<p>Radosnych, rodzinnych \u015awi\u0105t Bo\u017cego Narodzenia oraz szcz\u0119\u015bliwego Nowego Roku \u017cyczyli sobie cz\u0142onkowie UTW na spotkaniu wigilijnym w dniu 18 grudnia 2014r.w restauracji Aresto. \u017byczenia \u015bwi\u0105teczne i noworoczne z\u0142o\u017cyli r\u00f3wnie\u017c uczestnicz\u0105cy w spotkaniu zaproszeni go\u015bcie: p. Krzysztof Chojniak &#8211; Prezydent Piotrkowa, p. Marian B\u0142aszczy\u0144ski &#8211; Przewodnicz\u0105cy Rady Miasta, p. Marek Krawczy\u0144ski &#8211; Pe\u0142nomocnik Prezydenta Miasta, p. [&hellip;]<\/p>\n","protected":false},"author":1,"featured_media":0,"comment_status":"closed","ping_status":"closed","sticky":false,"template":"","format":"standard","meta":{"zakra_page_container_layout":"customizer","zakra_page_sidebar_layout":"customizer","zakra_remove_content_margin":false,"zakra_sidebar":"customizer","zakra_transparent_header":"customizer","zakra_logo":0,"zakra_main_header_style":"default","zakra_menu_item_color":"","zakra_menu_item_hover_color":"","zakra_menu_item_active_color":"","zakra_menu_active_style":"","zakra_page_header":true,"footnotes":"","_links_to":"","_links_to_target":""},"categories":[6],"tags":[],"class_list":["post-521","post","type-post","status-publish","format-standard","hentry","category-2014-2015"],"_links":{"self":[{"href":"https:\/\/utw-piotrkow.pl\/wputw\/wp-json\/wp\/v2\/posts\/521","targetHints":{"allow":["GET"]}}],"collection":[{"href":"https:\/\/utw-piotrkow.pl\/wputw\/wp-json\/wp\/v2\/posts"}],"about":[{"href":"https:\/\/utw-piotrkow.pl\/wputw\/wp-json\/wp\/v2\/types\/post"}],"author":[{"embeddable":true,"href":"https:\/\/utw-piotrkow.pl\/wputw\/wp-json\/wp\/v2\/users\/1"}],"replies":[{"embeddable":true,"href":"https:\/\/utw-piotrkow.pl\/wputw\/wp-json\/wp\/v2\/comments?post=521"}],"version-history":[{"count":1,"href":"https:\/\/utw-piotrkow.pl\/wputw\/wp-json\/wp\/v2\/posts\/521\/revisions"}],"predecessor-version":[{"id":522,"href":"https:\/\/utw-piotrkow.pl\/wputw\/wp-json\/wp\/v2\/posts\/521\/revisions\/522"}],"wp:attachment":[{"href":"https:\/\/utw-piotrkow.pl\/wputw\/wp-json\/wp\/v2\/media?parent=521"}],"wp:term":[{"taxonomy":"category","embeddable":true,"href":"https:\/\/utw-piotrkow.pl\/wputw\/wp-json\/wp\/v2\/categories?post=521"},{"taxonomy":"post_tag","embeddable":true,"href":"https:\/\/utw-piotrkow.pl\/wputw\/wp-json\/wp\/v2\/tags?post=521"}],"curies":[{"name":"wp","href":"https:\/\/api.w.org\/{rel}","templated":true}]}}