{"id":523,"date":"2014-12-17T09:42:00","date_gmt":"2014-12-17T09:42:00","guid":{"rendered":"https:\/\/utw-piotrkow.pl\/wputw\/?p=523"},"modified":"2023-01-25T09:44:22","modified_gmt":"2023-01-25T09:44:22","slug":"jestesmy-tyle-warci-ile-mozemy-innym-dac","status":"publish","type":"post","link":"https:\/\/utw-piotrkow.pl\/wputw\/2014\/12\/17\/jestesmy-tyle-warci-ile-mozemy-innym-dac\/","title":{"rendered":"\u201eJeste\u015bmy tyle warci, ile mo\u017cemy innym da\u0107\u201d"},"content":{"rendered":"\n<p><em><strong>&#8222;Jeste\u015bmy tyle warci, ile mo\u017cemy innym da\u0107&#8221; <\/strong><\/em>to has\u0142o tegorocznego<strong> Plebiscytu Wolontariusz Roku<\/strong>.<br>W tym roku Stowarzyszenie nasze po raz pierwszy zg\u0142osi\u0142o swojego kandydata do plebiscytu.<br>Zosta\u0142a wytypowana s\u0142uchaczka <strong>Ewa Jab\u0142o\u0144ska<\/strong>, kt\u00f3ra od trzech lat systematycznie pracuje na rzecz os\u00f3b z orzeczon\u0105 niepe\u0142nosprawno\u015bci\u0105<br>Rozstrzygni\u0119cie plebiscytu odby\u0142o si\u0119 w sali MOK w Piotrkowie Tryb.<br>Kapitu\u0142a podzi\u0119kowa\u0142a wszystkim nominowanym 11 wolontariuszom za ich wspania\u0142\u0105 prac\u0119.<\/p>\n\n\n\n<figure class=\"wp-block-gallery has-nested-images columns-default is-cropped wp-block-gallery-1 is-layout-flex wp-block-gallery-is-layout-flex\">\n<figure class=\"wp-block-image size-large\"><a href=\"https:\/\/utw-piotrkow.pl\/wputw\/wp-content\/uploads\/2023\/01\/Wolontariusz.Roku12011501.jpg\"><img loading=\"lazy\" decoding=\"async\" width=\"581\" height=\"800\" data-id=\"524\" src=\"https:\/\/utw-piotrkow.pl\/wputw\/wp-content\/uploads\/2023\/01\/Wolontariusz.Roku12011501.jpg\" alt=\"\" class=\"wp-image-524\" srcset=\"https:\/\/utw-piotrkow.pl\/wputw\/wp-content\/uploads\/2023\/01\/Wolontariusz.Roku12011501.jpg 581w, https:\/\/utw-piotrkow.pl\/wputw\/wp-content\/uploads\/2023\/01\/Wolontariusz.Roku12011501-218x300.jpg 218w\" sizes=\"auto, (max-width: 581px) 100vw, 581px\" \/><\/a><\/figure>\n\n\n\n<figure class=\"wp-block-image size-large\"><a href=\"https:\/\/utw-piotrkow.pl\/wputw\/wp-content\/uploads\/2023\/01\/Wolontariusz.Roku12011502.jpg\"><img loading=\"lazy\" decoding=\"async\" width=\"581\" height=\"800\" data-id=\"525\" src=\"https:\/\/utw-piotrkow.pl\/wputw\/wp-content\/uploads\/2023\/01\/Wolontariusz.Roku12011502.jpg\" alt=\"\" class=\"wp-image-525\" srcset=\"https:\/\/utw-piotrkow.pl\/wputw\/wp-content\/uploads\/2023\/01\/Wolontariusz.Roku12011502.jpg 581w, https:\/\/utw-piotrkow.pl\/wputw\/wp-content\/uploads\/2023\/01\/Wolontariusz.Roku12011502-218x300.jpg 218w\" sizes=\"auto, (max-width: 581px) 100vw, 581px\" \/><\/a><\/figure>\n<\/figure>\n","protected":false},"excerpt":{"rendered":"<p>&#8222;Jeste\u015bmy tyle warci, ile mo\u017cemy innym da\u0107&#8221; to has\u0142o tegorocznego Plebiscytu Wolontariusz Roku.W tym roku Stowarzyszenie nasze po raz pierwszy zg\u0142osi\u0142o swojego kandydata do plebiscytu.Zosta\u0142a wytypowana s\u0142uchaczka Ewa Jab\u0142o\u0144ska, kt\u00f3ra od trzech lat systematycznie pracuje na rzecz os\u00f3b z orzeczon\u0105 niepe\u0142nosprawno\u015bci\u0105Rozstrzygni\u0119cie plebiscytu odby\u0142o si\u0119 w sali MOK w Piotrkowie Tryb.Kapitu\u0142a podzi\u0119kowa\u0142a wszystkim nominowanym 11 wolontariuszom [&hellip;]<\/p>\n","protected":false},"author":1,"featured_media":0,"comment_status":"closed","ping_status":"closed","sticky":false,"template":"","format":"standard","meta":{"zakra_page_container_layout":"customizer","zakra_page_sidebar_layout":"customizer","zakra_remove_content_margin":false,"zakra_sidebar":"customizer","zakra_transparent_header":"customizer","zakra_logo":0,"zakra_main_header_style":"default","zakra_menu_item_color":"","zakra_menu_item_hover_color":"","zakra_menu_item_active_color":"","zakra_menu_active_style":"","zakra_page_header":true,"footnotes":"","_links_to":"","_links_to_target":""},"categories":[6],"tags":[],"class_list":["post-523","post","type-post","status-publish","format-standard","hentry","category-2014-2015"],"_links":{"self":[{"href":"https:\/\/utw-piotrkow.pl\/wputw\/wp-json\/wp\/v2\/posts\/523","targetHints":{"allow":["GET"]}}],"collection":[{"href":"https:\/\/utw-piotrkow.pl\/wputw\/wp-json\/wp\/v2\/posts"}],"about":[{"href":"https:\/\/utw-piotrkow.pl\/wputw\/wp-json\/wp\/v2\/types\/post"}],"author":[{"embeddable":true,"href":"https:\/\/utw-piotrkow.pl\/wputw\/wp-json\/wp\/v2\/users\/1"}],"replies":[{"embeddable":true,"href":"https:\/\/utw-piotrkow.pl\/wputw\/wp-json\/wp\/v2\/comments?post=523"}],"version-history":[{"count":1,"href":"https:\/\/utw-piotrkow.pl\/wputw\/wp-json\/wp\/v2\/posts\/523\/revisions"}],"predecessor-version":[{"id":526,"href":"https:\/\/utw-piotrkow.pl\/wputw\/wp-json\/wp\/v2\/posts\/523\/revisions\/526"}],"wp:attachment":[{"href":"https:\/\/utw-piotrkow.pl\/wputw\/wp-json\/wp\/v2\/media?parent=523"}],"wp:term":[{"taxonomy":"category","embeddable":true,"href":"https:\/\/utw-piotrkow.pl\/wputw\/wp-json\/wp\/v2\/categories?post=523"},{"taxonomy":"post_tag","embeddable":true,"href":"https:\/\/utw-piotrkow.pl\/wputw\/wp-json\/wp\/v2\/tags?post=523"}],"curies":[{"name":"wp","href":"https:\/\/api.w.org\/{rel}","templated":true}]}}