{"id":527,"date":"2014-12-15T09:44:00","date_gmt":"2014-12-15T09:44:00","guid":{"rendered":"https:\/\/utw-piotrkow.pl\/wputw\/?p=527"},"modified":"2023-01-25T09:46:43","modified_gmt":"2023-01-25T09:46:43","slug":"iii-ogolnopolska-konferencja-uniwersytetow-trzeciego-wieku","status":"publish","type":"post","link":"https:\/\/utw-piotrkow.pl\/wputw\/2014\/12\/15\/iii-ogolnopolska-konferencja-uniwersytetow-trzeciego-wieku\/","title":{"rendered":"III Og\u00f3lnopolska Konferencja Uniwersytet\u00f3w Trzeciego Wieku"},"content":{"rendered":"\n<p>W <strong>Sali Kolumnowej Sejmu RP<\/strong>, <strong>15 grudnia 2014r.<\/strong> odby\u0142a si\u0119<strong> III Og\u00f3lnopolska Konferencja Uniwersytet\u00f3w Trzeciego Wieku<\/strong> pod honorowym patronatem Marsza\u0142ka Sejmu RP, inauguruj\u0105ca obchody 40 lat Ruchu Uniwersytet\u00f3w Trzeciego Wieku w Polsce \/1975-2015\/.<br><br>Na tym spotkaniu mi\u0119dzy innymi odby\u0142y si\u0119 dwa panele:<br><br><strong>1. Panel ekspercki: Dokonania i wyzwania ruchu UTW w Polsce<\/strong> z udzia\u0142em: przedstawiciela Ministra Pracy i Polityki Spo\u0142ecznej &#8211; <strong>p. Ma\u0142gorzaty Ostrowskiej<\/strong>, <strong>p. Mieczys\u0142awa Augustyna<\/strong> &#8211; Przewodnicz\u0105cego Senackiej Komisji Rodziny, Polityki Senioralnej i Spo\u0142ecznej, <strong>prof. Boles\u0142awa Samoli\u0144skiego<\/strong> &#8211; Przewodnicz\u0105cego Rady ds. Polityki Senioralnej oraz <strong>p. Wies\u0142awy Borczyk <\/strong>&#8211; Prezesa Og\u00f3lnopolskiej Federacji Stowarzysze\u0144 UTW. Moderatorem panelu by\u0142a <strong>p. Krystyna Lewkowicz <\/strong>&#8211; Prezes Fundacji \u201eOg\u00f3lnopolskie Porozumienie UTW\u201d.<br><br><strong>2. Panel dyskusyjny: Obywatelski Parlament Senior\u00f3w<\/strong> z udzia\u0142em: <strong>prof. Piotra B\u0142\u0119dowskiego<\/strong>, <strong>prof. Janusza Szymborskiego<\/strong>, <strong>p.Krystyny Lewkowicz<\/strong>, <strong>p. Tomasza Pactwy<\/strong> i moderatora panelu &#8211; <strong>Micha\u0142a Szczerby<\/strong> \u2013 Przewodnicz\u0105cego Komisji Polityki Senioralnej.<br>Bardzo wa\u017cnym punktem tego spotkania by\u0142o przyj\u0119cie <strong>Deklaracji Ko\u0144cowej Uczestnik\u00f3w Konferencji oraz programu obchod\u00f3w 40 lat Ruchu Uniwersytet\u00f3w Trzeciego Wieku w Polsce<\/strong>.<br><br>Za najwa\u017cniejsze cele i kierunki strategii rozwoju ruchu Uniwersytet\u00f3w Trzeciego Wieku na lata 2015-2020 \u015brodowisko UTW mi\u0119dzy innymi uzna\u0142o:<br>\u2022 <strong>Powo\u0142anie Obywatelskiego Parlamentu Senior\u00f3w<\/strong> jako reprezentacji \u015brodowiska polskich senior\u00f3w,<br>\u2022 Organizacj\u0119 II Kongresu UTW w marcu 2015r. w Warszawie oraz opracowanie dokumentu programowego<br>\u2022 <strong>Zbudowanie powszechnego systemu komunikacji spo\u0142ecznej<\/strong> \u2013 umo\u017cliwiaj\u0105cego szybkie dotarcie z informacjami do wszystkich s\u0142uchaczy UTW, jak i komunikacj\u0119 pomi\u0119dzy organizacjami senioralnymi,<br>\u2022 <strong>Upami\u0119tnienie prof. Haliny Szwarc<\/strong> &#8211; za\u0142o\u017cycielki pierwszego UTW w Polsce, uchwa\u0142\u0105 Sejmu RP,<br>\u2022 Nadanie priorytetu zagadnieniom edukacji, profilaktyki zdrowia i aktywnego trybu \u017cycia senior\u00f3w.<br><br>Uczestnikami Konferencji byli liderzy Uniwersytet\u00f3w Trzeciego Wieku, a w\u015br\u00f3d nich Prezes UTW w Piotrkowie Trybunalskim <strong>p. Janina Franczak-Kujawska<\/strong>.<br>Pozdrowienia dla s\u0142uchaczy UTW w Piotrkowie Tryb. przekaza\u0142a <strong>p. Krystyna Lewkowicz<\/strong> &#8211; Prezes Fundacji \u201eOg\u00f3lnopolskie Porozumienie UTW\u201d.<\/p>\n\n\n\n<figure class=\"wp-block-gallery has-nested-images columns-default is-cropped wp-block-gallery-1 is-layout-flex wp-block-gallery-is-layout-flex\">\n<figure class=\"wp-block-image size-large\"><a href=\"https:\/\/utw-piotrkow.pl\/wputw\/wp-content\/uploads\/2023\/01\/III.Konferencja.UTW12011501.jpg\"><img loading=\"lazy\" decoding=\"async\" width=\"800\" height=\"600\" data-id=\"528\" src=\"https:\/\/utw-piotrkow.pl\/wputw\/wp-content\/uploads\/2023\/01\/III.Konferencja.UTW12011501.jpg\" alt=\"\" class=\"wp-image-528\" srcset=\"https:\/\/utw-piotrkow.pl\/wputw\/wp-content\/uploads\/2023\/01\/III.Konferencja.UTW12011501.jpg 800w, https:\/\/utw-piotrkow.pl\/wputw\/wp-content\/uploads\/2023\/01\/III.Konferencja.UTW12011501-300x225.jpg 300w, https:\/\/utw-piotrkow.pl\/wputw\/wp-content\/uploads\/2023\/01\/III.Konferencja.UTW12011501-768x576.jpg 768w\" sizes=\"auto, (max-width: 800px) 100vw, 800px\" \/><\/a><\/figure>\n\n\n\n<figure class=\"wp-block-image size-large\"><a href=\"https:\/\/utw-piotrkow.pl\/wputw\/wp-content\/uploads\/2023\/01\/III.Konferencja.UTW12011502.jpg\"><img loading=\"lazy\" decoding=\"async\" width=\"800\" height=\"600\" data-id=\"532\" src=\"https:\/\/utw-piotrkow.pl\/wputw\/wp-content\/uploads\/2023\/01\/III.Konferencja.UTW12011502.jpg\" alt=\"\" class=\"wp-image-532\" srcset=\"https:\/\/utw-piotrkow.pl\/wputw\/wp-content\/uploads\/2023\/01\/III.Konferencja.UTW12011502.jpg 800w, https:\/\/utw-piotrkow.pl\/wputw\/wp-content\/uploads\/2023\/01\/III.Konferencja.UTW12011502-300x225.jpg 300w, https:\/\/utw-piotrkow.pl\/wputw\/wp-content\/uploads\/2023\/01\/III.Konferencja.UTW12011502-768x576.jpg 768w\" sizes=\"auto, (max-width: 800px) 100vw, 800px\" \/><\/a><\/figure>\n\n\n\n<figure class=\"wp-block-image size-large\"><a href=\"https:\/\/utw-piotrkow.pl\/wputw\/wp-content\/uploads\/2023\/01\/III.Konferencja.UTW12011503.jpg\"><img loading=\"lazy\" decoding=\"async\" width=\"800\" height=\"600\" data-id=\"530\" src=\"https:\/\/utw-piotrkow.pl\/wputw\/wp-content\/uploads\/2023\/01\/III.Konferencja.UTW12011503.jpg\" alt=\"\" class=\"wp-image-530\" srcset=\"https:\/\/utw-piotrkow.pl\/wputw\/wp-content\/uploads\/2023\/01\/III.Konferencja.UTW12011503.jpg 800w, https:\/\/utw-piotrkow.pl\/wputw\/wp-content\/uploads\/2023\/01\/III.Konferencja.UTW12011503-300x225.jpg 300w, https:\/\/utw-piotrkow.pl\/wputw\/wp-content\/uploads\/2023\/01\/III.Konferencja.UTW12011503-768x576.jpg 768w\" sizes=\"auto, (max-width: 800px) 100vw, 800px\" \/><\/a><\/figure>\n\n\n\n<figure class=\"wp-block-image size-large\"><a href=\"https:\/\/utw-piotrkow.pl\/wputw\/wp-content\/uploads\/2023\/01\/III.Konferencja.UTW12011504.jpg\"><img loading=\"lazy\" decoding=\"async\" width=\"800\" height=\"600\" data-id=\"529\" src=\"https:\/\/utw-piotrkow.pl\/wputw\/wp-content\/uploads\/2023\/01\/III.Konferencja.UTW12011504.jpg\" alt=\"\" class=\"wp-image-529\" srcset=\"https:\/\/utw-piotrkow.pl\/wputw\/wp-content\/uploads\/2023\/01\/III.Konferencja.UTW12011504.jpg 800w, https:\/\/utw-piotrkow.pl\/wputw\/wp-content\/uploads\/2023\/01\/III.Konferencja.UTW12011504-300x225.jpg 300w, https:\/\/utw-piotrkow.pl\/wputw\/wp-content\/uploads\/2023\/01\/III.Konferencja.UTW12011504-768x576.jpg 768w\" sizes=\"auto, (max-width: 800px) 100vw, 800px\" \/><\/a><\/figure>\n\n\n\n<figure class=\"wp-block-image size-large\"><a href=\"https:\/\/utw-piotrkow.pl\/wputw\/wp-content\/uploads\/2023\/01\/III.Konferencja.UTW12011505.jpg\"><img loading=\"lazy\" decoding=\"async\" width=\"800\" height=\"600\" data-id=\"531\" src=\"https:\/\/utw-piotrkow.pl\/wputw\/wp-content\/uploads\/2023\/01\/III.Konferencja.UTW12011505.jpg\" alt=\"\" class=\"wp-image-531\" srcset=\"https:\/\/utw-piotrkow.pl\/wputw\/wp-content\/uploads\/2023\/01\/III.Konferencja.UTW12011505.jpg 800w, https:\/\/utw-piotrkow.pl\/wputw\/wp-content\/uploads\/2023\/01\/III.Konferencja.UTW12011505-300x225.jpg 300w, https:\/\/utw-piotrkow.pl\/wputw\/wp-content\/uploads\/2023\/01\/III.Konferencja.UTW12011505-768x576.jpg 768w\" sizes=\"auto, (max-width: 800px) 100vw, 800px\" \/><\/a><\/figure>\n<\/figure>\n","protected":false},"excerpt":{"rendered":"<p>W Sali Kolumnowej Sejmu RP, 15 grudnia 2014r. odby\u0142a si\u0119 III Og\u00f3lnopolska Konferencja Uniwersytet\u00f3w Trzeciego Wieku pod honorowym patronatem Marsza\u0142ka Sejmu RP, inauguruj\u0105ca obchody 40 lat Ruchu Uniwersytet\u00f3w Trzeciego Wieku w Polsce \/1975-2015\/. Na tym spotkaniu mi\u0119dzy innymi odby\u0142y si\u0119 dwa panele: 1. Panel ekspercki: Dokonania i wyzwania ruchu UTW w Polsce z udzia\u0142em: przedstawiciela [&hellip;]<\/p>\n","protected":false},"author":1,"featured_media":0,"comment_status":"closed","ping_status":"closed","sticky":false,"template":"","format":"standard","meta":{"zakra_page_container_layout":"customizer","zakra_page_sidebar_layout":"customizer","zakra_remove_content_margin":false,"zakra_sidebar":"customizer","zakra_transparent_header":"customizer","zakra_logo":0,"zakra_main_header_style":"default","zakra_menu_item_color":"","zakra_menu_item_hover_color":"","zakra_menu_item_active_color":"","zakra_menu_active_style":"","zakra_page_header":true,"footnotes":"","_links_to":"","_links_to_target":""},"categories":[6],"tags":[],"class_list":["post-527","post","type-post","status-publish","format-standard","hentry","category-2014-2015"],"_links":{"self":[{"href":"https:\/\/utw-piotrkow.pl\/wputw\/wp-json\/wp\/v2\/posts\/527","targetHints":{"allow":["GET"]}}],"collection":[{"href":"https:\/\/utw-piotrkow.pl\/wputw\/wp-json\/wp\/v2\/posts"}],"about":[{"href":"https:\/\/utw-piotrkow.pl\/wputw\/wp-json\/wp\/v2\/types\/post"}],"author":[{"embeddable":true,"href":"https:\/\/utw-piotrkow.pl\/wputw\/wp-json\/wp\/v2\/users\/1"}],"replies":[{"embeddable":true,"href":"https:\/\/utw-piotrkow.pl\/wputw\/wp-json\/wp\/v2\/comments?post=527"}],"version-history":[{"count":1,"href":"https:\/\/utw-piotrkow.pl\/wputw\/wp-json\/wp\/v2\/posts\/527\/revisions"}],"predecessor-version":[{"id":533,"href":"https:\/\/utw-piotrkow.pl\/wputw\/wp-json\/wp\/v2\/posts\/527\/revisions\/533"}],"wp:attachment":[{"href":"https:\/\/utw-piotrkow.pl\/wputw\/wp-json\/wp\/v2\/media?parent=527"}],"wp:term":[{"taxonomy":"category","embeddable":true,"href":"https:\/\/utw-piotrkow.pl\/wputw\/wp-json\/wp\/v2\/categories?post=527"},{"taxonomy":"post_tag","embeddable":true,"href":"https:\/\/utw-piotrkow.pl\/wputw\/wp-json\/wp\/v2\/tags?post=527"}],"curies":[{"name":"wp","href":"https:\/\/api.w.org\/{rel}","templated":true}]}}