{"id":570,"date":"2014-11-05T10:00:00","date_gmt":"2014-11-05T10:00:00","guid":{"rendered":"https:\/\/utw-piotrkow.pl\/wputw\/?p=570"},"modified":"2023-01-25T10:02:21","modified_gmt":"2023-01-25T10:02:21","slug":"depresja-osob-w-wieku-senioralnym","status":"publish","type":"post","link":"https:\/\/utw-piotrkow.pl\/wputw\/2014\/11\/05\/depresja-osob-w-wieku-senioralnym\/","title":{"rendered":"\u201eDepresja os\u00f3b w wieku senioralnym\u201d"},"content":{"rendered":"\n<p><strong>5 listopada 2014r.<\/strong> s\u0142uchacze UTW wys\u0142uchali wyk\u0142adu psychologa <strong>dr Martyny Kaflik-Pier\u00f3g<\/strong> pt. <em><strong>\u201eDepresja os\u00f3b w wieku senioralnym\u201d.<\/strong><\/em> Depresja mo\u017ce pojawi\u0107 si\u0119 u ka\u017cdego, a przyczyny jej powstawania nie s\u0105 do ko\u0144ca znane. Smutek, przygn\u0119bienie, niech\u0119\u0107 do dzia\u0142ania nie zawsze musi oznacza\u0107 depresj\u0119, a diagnoz\u0119 mo\u017ce postawi\u0107 tylko specjalista, dlatego nie warto wzbrania\u0107 si\u0119 przed wizyt\u0105 u psychologa czy psychiatry.<br>Wyk\u0142ad ciekawy, znakomicie przybli\u017cy\u0142 s\u0142uchaczom UTW tematy zwi\u0105zane z wieloma emocjami, kt\u00f3re towarzysz\u0105 naszemu codziennemu \u017cyciu.<\/p>\n\n\n\n<p><em>Tekst: J. \u0141ukasik<br>Foto:<\/em> <em>S. Jakubczak<\/em><\/p>\n\n\n\n<figure class=\"wp-block-gallery has-nested-images columns-default is-cropped wp-block-gallery-1 is-layout-flex wp-block-gallery-is-layout-flex\">\n<figure class=\"wp-block-image size-large\"><a href=\"https:\/\/utw-piotrkow.pl\/wputw\/wp-content\/uploads\/2023\/01\/Wyklad-dr.Kaflik13111401.jpg\"><img loading=\"lazy\" decoding=\"async\" width=\"800\" height=\"534\" data-id=\"571\" src=\"https:\/\/utw-piotrkow.pl\/wputw\/wp-content\/uploads\/2023\/01\/Wyklad-dr.Kaflik13111401.jpg\" alt=\"\" class=\"wp-image-571\" srcset=\"https:\/\/utw-piotrkow.pl\/wputw\/wp-content\/uploads\/2023\/01\/Wyklad-dr.Kaflik13111401.jpg 800w, https:\/\/utw-piotrkow.pl\/wputw\/wp-content\/uploads\/2023\/01\/Wyklad-dr.Kaflik13111401-300x200.jpg 300w, https:\/\/utw-piotrkow.pl\/wputw\/wp-content\/uploads\/2023\/01\/Wyklad-dr.Kaflik13111401-768x513.jpg 768w\" sizes=\"auto, (max-width: 800px) 100vw, 800px\" \/><\/a><\/figure>\n\n\n\n<figure class=\"wp-block-image size-large\"><a href=\"https:\/\/utw-piotrkow.pl\/wputw\/wp-content\/uploads\/2023\/01\/Wyklad-dr.Kaflik13111402.jpg\"><img loading=\"lazy\" decoding=\"async\" width=\"533\" height=\"800\" data-id=\"574\" src=\"https:\/\/utw-piotrkow.pl\/wputw\/wp-content\/uploads\/2023\/01\/Wyklad-dr.Kaflik13111402.jpg\" alt=\"\" class=\"wp-image-574\" srcset=\"https:\/\/utw-piotrkow.pl\/wputw\/wp-content\/uploads\/2023\/01\/Wyklad-dr.Kaflik13111402.jpg 533w, https:\/\/utw-piotrkow.pl\/wputw\/wp-content\/uploads\/2023\/01\/Wyklad-dr.Kaflik13111402-200x300.jpg 200w\" sizes=\"auto, (max-width: 533px) 100vw, 533px\" \/><\/a><\/figure>\n\n\n\n<figure class=\"wp-block-image size-large\"><a href=\"https:\/\/utw-piotrkow.pl\/wputw\/wp-content\/uploads\/2023\/01\/Wyklad-dr.Kaflik13111403.jpg\"><img loading=\"lazy\" decoding=\"async\" width=\"800\" height=\"533\" data-id=\"572\" src=\"https:\/\/utw-piotrkow.pl\/wputw\/wp-content\/uploads\/2023\/01\/Wyklad-dr.Kaflik13111403.jpg\" alt=\"\" class=\"wp-image-572\" srcset=\"https:\/\/utw-piotrkow.pl\/wputw\/wp-content\/uploads\/2023\/01\/Wyklad-dr.Kaflik13111403.jpg 800w, https:\/\/utw-piotrkow.pl\/wputw\/wp-content\/uploads\/2023\/01\/Wyklad-dr.Kaflik13111403-300x200.jpg 300w, https:\/\/utw-piotrkow.pl\/wputw\/wp-content\/uploads\/2023\/01\/Wyklad-dr.Kaflik13111403-768x512.jpg 768w\" sizes=\"auto, (max-width: 800px) 100vw, 800px\" \/><\/a><\/figure>\n\n\n\n<figure class=\"wp-block-image size-large\"><a href=\"https:\/\/utw-piotrkow.pl\/wputw\/wp-content\/uploads\/2023\/01\/Wyklad-dr.Kaflik13111404.jpg\"><img loading=\"lazy\" decoding=\"async\" width=\"800\" height=\"533\" data-id=\"573\" src=\"https:\/\/utw-piotrkow.pl\/wputw\/wp-content\/uploads\/2023\/01\/Wyklad-dr.Kaflik13111404.jpg\" alt=\"\" class=\"wp-image-573\" srcset=\"https:\/\/utw-piotrkow.pl\/wputw\/wp-content\/uploads\/2023\/01\/Wyklad-dr.Kaflik13111404.jpg 800w, https:\/\/utw-piotrkow.pl\/wputw\/wp-content\/uploads\/2023\/01\/Wyklad-dr.Kaflik13111404-300x200.jpg 300w, https:\/\/utw-piotrkow.pl\/wputw\/wp-content\/uploads\/2023\/01\/Wyklad-dr.Kaflik13111404-768x512.jpg 768w\" sizes=\"auto, (max-width: 800px) 100vw, 800px\" \/><\/a><\/figure>\n\n\n\n<figure class=\"wp-block-image size-large\"><a href=\"https:\/\/utw-piotrkow.pl\/wputw\/wp-content\/uploads\/2023\/01\/Wyklad-dr.Kaflik13111405.jpg\"><img loading=\"lazy\" decoding=\"async\" width=\"800\" height=\"533\" data-id=\"575\" src=\"https:\/\/utw-piotrkow.pl\/wputw\/wp-content\/uploads\/2023\/01\/Wyklad-dr.Kaflik13111405.jpg\" alt=\"\" class=\"wp-image-575\" srcset=\"https:\/\/utw-piotrkow.pl\/wputw\/wp-content\/uploads\/2023\/01\/Wyklad-dr.Kaflik13111405.jpg 800w, https:\/\/utw-piotrkow.pl\/wputw\/wp-content\/uploads\/2023\/01\/Wyklad-dr.Kaflik13111405-300x200.jpg 300w, https:\/\/utw-piotrkow.pl\/wputw\/wp-content\/uploads\/2023\/01\/Wyklad-dr.Kaflik13111405-768x512.jpg 768w\" sizes=\"auto, (max-width: 800px) 100vw, 800px\" \/><\/a><\/figure>\n<\/figure>\n","protected":false},"excerpt":{"rendered":"<p>5 listopada 2014r. s\u0142uchacze UTW wys\u0142uchali wyk\u0142adu psychologa dr Martyny Kaflik-Pier\u00f3g pt. \u201eDepresja os\u00f3b w wieku senioralnym\u201d. Depresja mo\u017ce pojawi\u0107 si\u0119 u ka\u017cdego, a przyczyny jej powstawania nie s\u0105 do ko\u0144ca znane. Smutek, przygn\u0119bienie, niech\u0119\u0107 do dzia\u0142ania nie zawsze musi oznacza\u0107 depresj\u0119, a diagnoz\u0119 mo\u017ce postawi\u0107 tylko specjalista, dlatego nie warto wzbrania\u0107 si\u0119 przed wizyt\u0105 [&hellip;]<\/p>\n","protected":false},"author":1,"featured_media":0,"comment_status":"closed","ping_status":"closed","sticky":false,"template":"","format":"standard","meta":{"zakra_page_container_layout":"customizer","zakra_page_sidebar_layout":"customizer","zakra_remove_content_margin":false,"zakra_sidebar":"customizer","zakra_transparent_header":"customizer","zakra_logo":0,"zakra_main_header_style":"default","zakra_menu_item_color":"","zakra_menu_item_hover_color":"","zakra_menu_item_active_color":"","zakra_menu_active_style":"","zakra_page_header":true,"footnotes":"","_links_to":"","_links_to_target":""},"categories":[6],"tags":[],"class_list":["post-570","post","type-post","status-publish","format-standard","hentry","category-2014-2015"],"_links":{"self":[{"href":"https:\/\/utw-piotrkow.pl\/wputw\/wp-json\/wp\/v2\/posts\/570","targetHints":{"allow":["GET"]}}],"collection":[{"href":"https:\/\/utw-piotrkow.pl\/wputw\/wp-json\/wp\/v2\/posts"}],"about":[{"href":"https:\/\/utw-piotrkow.pl\/wputw\/wp-json\/wp\/v2\/types\/post"}],"author":[{"embeddable":true,"href":"https:\/\/utw-piotrkow.pl\/wputw\/wp-json\/wp\/v2\/users\/1"}],"replies":[{"embeddable":true,"href":"https:\/\/utw-piotrkow.pl\/wputw\/wp-json\/wp\/v2\/comments?post=570"}],"version-history":[{"count":1,"href":"https:\/\/utw-piotrkow.pl\/wputw\/wp-json\/wp\/v2\/posts\/570\/revisions"}],"predecessor-version":[{"id":576,"href":"https:\/\/utw-piotrkow.pl\/wputw\/wp-json\/wp\/v2\/posts\/570\/revisions\/576"}],"wp:attachment":[{"href":"https:\/\/utw-piotrkow.pl\/wputw\/wp-json\/wp\/v2\/media?parent=570"}],"wp:term":[{"taxonomy":"category","embeddable":true,"href":"https:\/\/utw-piotrkow.pl\/wputw\/wp-json\/wp\/v2\/categories?post=570"},{"taxonomy":"post_tag","embeddable":true,"href":"https:\/\/utw-piotrkow.pl\/wputw\/wp-json\/wp\/v2\/tags?post=570"}],"curies":[{"name":"wp","href":"https:\/\/api.w.org\/{rel}","templated":true}]}}