{"id":607,"date":"2014-10-01T10:14:00","date_gmt":"2014-10-01T10:14:00","guid":{"rendered":"https:\/\/utw-piotrkow.pl\/wputw\/?p=607"},"modified":"2023-01-25T10:15:21","modified_gmt":"2023-01-25T10:15:21","slug":"inauguracja-roku-akademickiego-2014-2015","status":"publish","type":"post","link":"https:\/\/utw-piotrkow.pl\/wputw\/2014\/10\/01\/inauguracja-roku-akademickiego-2014-2015\/","title":{"rendered":"Inauguracja roku akademickiego 2014-2015"},"content":{"rendered":"\n<p>Pie\u015bni\u0105 Gaudeamus igitur \/cieszmy si\u0119 wi\u0119c\/ <strong>01.10.2014r.<\/strong> s\u0142uchacze Stowarzyszenia UTW <strong>rozpocz\u0119li <\/strong>kolejny &#8211; <strong>dziewi\u0105ty<\/strong> ju\u017c<strong> rok akademcki 2014-2015<\/strong>. W uroczysto\u015bci uczestniczyli dotychczasowi i nowo-przyj\u0119ci cz\u0142onkowie UTW, przedstawiciele Urz\u0119du Miasta z <strong>Prezydentem Krzysztofem Chojniakiem i Przewodnicz\u0105cym Rady Miasta Marianem B\u0142aszczy\u0144skim<\/strong> oraz przedstawiciele <strong>Starostwa Piotrkowskiego<\/strong>, <strong>O\u015brodka Edukacji Artystycznej MOK<\/strong> i <strong>Uniwersytetu Jana Kochanowskiego<\/strong>. Nowoprzyj\u0119ci studenci z\u0142o\u017cyli uroczyste \u015blubowanie i otrzymali legitymacje cz\u0142onkowskie. Wyk\u0142ad inauguracyjny Z przesz\u0142o\u015bci Trybunalskiego Grodu wyg\u0142osi\u0142 <strong>prof. dr hab. Andrzej Felchner <\/strong>&#8211;<strong> dziekan Wydzia\u0142u Nauk Spo\u0142ecznych Uniwersytetu Jana Kochanowskiego, przewodnicz\u0105cy Rady Naukowej UTW<\/strong>. Uroczysto\u015b\u0107 u\u015bwietni\u0142 koncert muzyki klasycznej wykonany przez duet ze Szko\u0142y Muzycznej w Piotrkowie Trybunalskim.<br><br><em>Tekst: M. Hi\u0144cza<br>Foto: G. Chudy<\/em><\/p>\n","protected":false},"excerpt":{"rendered":"<p>Pie\u015bni\u0105 Gaudeamus igitur \/cieszmy si\u0119 wi\u0119c\/ 01.10.2014r. s\u0142uchacze Stowarzyszenia UTW rozpocz\u0119li kolejny &#8211; dziewi\u0105ty ju\u017c rok akademcki 2014-2015. W uroczysto\u015bci uczestniczyli dotychczasowi i nowo-przyj\u0119ci cz\u0142onkowie UTW, przedstawiciele Urz\u0119du Miasta z Prezydentem Krzysztofem Chojniakiem i Przewodnicz\u0105cym Rady Miasta Marianem B\u0142aszczy\u0144skim oraz przedstawiciele Starostwa Piotrkowskiego, O\u015brodka Edukacji Artystycznej MOK i Uniwersytetu Jana Kochanowskiego. Nowoprzyj\u0119ci studenci z\u0142o\u017cyli uroczyste [&hellip;]<\/p>\n","protected":false},"author":1,"featured_media":0,"comment_status":"closed","ping_status":"closed","sticky":false,"template":"","format":"standard","meta":{"zakra_page_container_layout":"customizer","zakra_page_sidebar_layout":"customizer","zakra_remove_content_margin":false,"zakra_sidebar":"customizer","zakra_transparent_header":"customizer","zakra_logo":0,"zakra_main_header_style":"default","zakra_menu_item_color":"","zakra_menu_item_hover_color":"","zakra_menu_item_active_color":"","zakra_menu_active_style":"","zakra_page_header":true,"footnotes":"","_links_to":"","_links_to_target":""},"categories":[6],"tags":[],"class_list":["post-607","post","type-post","status-publish","format-standard","hentry","category-2014-2015"],"_links":{"self":[{"href":"https:\/\/utw-piotrkow.pl\/wputw\/wp-json\/wp\/v2\/posts\/607","targetHints":{"allow":["GET"]}}],"collection":[{"href":"https:\/\/utw-piotrkow.pl\/wputw\/wp-json\/wp\/v2\/posts"}],"about":[{"href":"https:\/\/utw-piotrkow.pl\/wputw\/wp-json\/wp\/v2\/types\/post"}],"author":[{"embeddable":true,"href":"https:\/\/utw-piotrkow.pl\/wputw\/wp-json\/wp\/v2\/users\/1"}],"replies":[{"embeddable":true,"href":"https:\/\/utw-piotrkow.pl\/wputw\/wp-json\/wp\/v2\/comments?post=607"}],"version-history":[{"count":1,"href":"https:\/\/utw-piotrkow.pl\/wputw\/wp-json\/wp\/v2\/posts\/607\/revisions"}],"predecessor-version":[{"id":608,"href":"https:\/\/utw-piotrkow.pl\/wputw\/wp-json\/wp\/v2\/posts\/607\/revisions\/608"}],"wp:attachment":[{"href":"https:\/\/utw-piotrkow.pl\/wputw\/wp-json\/wp\/v2\/media?parent=607"}],"wp:term":[{"taxonomy":"category","embeddable":true,"href":"https:\/\/utw-piotrkow.pl\/wputw\/wp-json\/wp\/v2\/categories?post=607"},{"taxonomy":"post_tag","embeddable":true,"href":"https:\/\/utw-piotrkow.pl\/wputw\/wp-json\/wp\/v2\/tags?post=607"}],"curies":[{"name":"wp","href":"https:\/\/api.w.org\/{rel}","templated":true}]}}