{"id":744,"date":"2015-11-25T12:56:00","date_gmt":"2015-11-25T12:56:00","guid":{"rendered":"https:\/\/utw-piotrkow.pl\/wputw\/?p=744"},"modified":"2023-01-25T12:59:03","modified_gmt":"2023-01-25T12:59:03","slug":"religia-prawoslawna-historia-piotrkowskiej-cerkwi","status":"publish","type":"post","link":"https:\/\/utw-piotrkow.pl\/wputw\/2015\/11\/25\/religia-prawoslawna-historia-piotrkowskiej-cerkwi\/","title":{"rendered":"\u201eReligia Prawos\u0142awna &#8211; historia piotrkowskiej cerkwi\u201d"},"content":{"rendered":"\n<p><strong>25 listopada 2015 r. <\/strong>cz\u0142onkowie UTW spotkali si\u0119 w <strong>Cerkwi p.w. Wszystkich \u015awi\u0119tych<\/strong> na wyk\u0142adzie <em><strong>Religia Prawos\u0142awna &#8211; historia piotrkowskiej cerkwi<\/strong><\/em>. O dziejach cerkwi opowiada\u0142 proboszcz <strong>ks. mgr Jan Jakimiuk.<\/strong><br><br>Powstanie parafii prawos\u0142awnej w Piotrkowie zwi\u0105zane jest z grup\u0105 religijn\u0105 Grek\u00f3w, kt\u00f3ra przyby\u0142a do Piotrkowa z Macedonii w po\u0142owie XVIII wieku. Kr\u00f3l Stanis\u0142aw August zezwoli\u0142 na otwarcie w <em>1778 roku prawos\u0142awnej kaplicy p.w. Wszystkich \u015awi\u0119tych<\/em> w budynku przy obecnym <em>placu Czarneckiego nr 10<\/em>. Kaplica ta funkcjonowa\u0142a a\u017c do <em>1844 roku<\/em>, kiedy to podj\u0119ta zosta\u0142a <em>decyzja o budowie cerkwi prawos\u0142awnej przy ulicy S\u0142owackiego<\/em>. Grunt pod kaplic\u0119 wykupiono od zakonnik\u00f3w klasztoru oo. Pijar\u00f3w i w <em>1848 r. cerkiew oddano do u\u017cytku<\/em>.<br><br>W latach 1867-1869 przyst\u0105piono do jej rozbudowy wed\u0142ug projektu rosyjskiego architekta <strong>Iwana Wasiljewicza Sztrema<\/strong>. Obiekt uleg\u0142 przebudowie &#8211; z budowli na planie krzy\u017ca greckiego &#8211; sta\u0142 si\u0119 budowl\u0105 na planie krzy\u017ca \u0142aci\u0144skiego. Od p\u00f3\u0142nocy, po\u0142udnia i wschodu przesuni\u0119to \u015bciany obiektu o siedem metr\u00f3w, dostawiono przedsionek, nad kt\u00f3rym wzniesiono <em>dzwonnic\u0119<\/em> z czterema <em>freskami<\/em> w niszach (przedstawia\u0142y <strong>\u015awi\u0119tych Cyryla i Metodego, \u015bw. W\u0142odzimierza i \u015bw. Aleksandra Newskiego<\/strong>). Nad g\u0142\u00f3wnym wej\u015bciem znalaz\u0142a si\u0119 ikona Chrystusa Zbawiciela, na \u015bcianach wykonano now\u0105 polichromi\u0119 i dziewi\u0119\u0107 fresk\u00f3w. Na dzwonnicy powieszono dziewi\u0119\u0107 dzwon\u00f3w. Nowy ikonostas wykona\u0142 <strong>Sieriebriakow<\/strong>, ikony do niego napisa\u0142 \u2013 <strong>Wasiljew<\/strong>. Ponownie cerkiew konsekrowano dn. 9 grudnia 1870 r. Najwi\u0119ksz\u0105 liczb\u0119 wiernych parafia osi\u0105gn\u0119\u0142a w 1914 roku, kiedy to nale\u017ca\u0142o do niej oko\u0142o <strong>3000 os\u00f3b<\/strong>, a obecnie liczy ok. 70 parafian, ale w nabo\u017ce\u0144stwach uczestniczy wielu uciekinier\u00f3w po zamieszkach na Ukrainie.<br><br>Dnia <strong>7 pa\u017adziernika 1976 r. <\/strong>cerkiew wpisano do<strong> rejestru zabytk\u00f3w<\/strong>, a <strong>22 kwietnia 2007 r.<\/strong> odby\u0142 si\u0119 w cerkwiuroczysty<strong> ingres prawos\u0142awnego biskupa Paisjusza<\/strong>, kt\u00f3ry zosta\u0142 powo\u0142any na wikariusza diecezji \u0142\u00f3dzko-pozna\u0144skiej z tytu\u0142em biskupa piotrkowskiego. <em>Cerkiew w Piotrkowie zosta\u0142a podniesiona do rangi katedry<\/em>.<br><br><strong>W czerwcu 2015 r.<\/strong> rozpocz\u0119to w pobli\u017cu cerkwi budow\u0119 <strong>Centrum Kultury Prawos\u0142awnej<\/strong>.<\/p>\n\n\n\n<p><em>Tekst: K. Marciniak<\/em><br><em>Foto: W. K\u0142odos<\/em><\/p>\n\n\n\n<figure class=\"wp-block-gallery has-nested-images columns-default is-cropped wp-block-gallery-1 is-layout-flex wp-block-gallery-is-layout-flex\">\n<figure class=\"wp-block-image size-large\"><a href=\"https:\/\/utw-piotrkow.pl\/wputw\/wp-content\/uploads\/2023\/01\/Wyklad-Jakimiuk28111501.jpg\"><img loading=\"lazy\" decoding=\"async\" width=\"800\" height=\"532\" data-id=\"745\" src=\"https:\/\/utw-piotrkow.pl\/wputw\/wp-content\/uploads\/2023\/01\/Wyklad-Jakimiuk28111501.jpg\" alt=\"\" class=\"wp-image-745\" srcset=\"https:\/\/utw-piotrkow.pl\/wputw\/wp-content\/uploads\/2023\/01\/Wyklad-Jakimiuk28111501.jpg 800w, https:\/\/utw-piotrkow.pl\/wputw\/wp-content\/uploads\/2023\/01\/Wyklad-Jakimiuk28111501-300x200.jpg 300w, https:\/\/utw-piotrkow.pl\/wputw\/wp-content\/uploads\/2023\/01\/Wyklad-Jakimiuk28111501-768x511.jpg 768w\" sizes=\"auto, (max-width: 800px) 100vw, 800px\" \/><\/a><\/figure>\n\n\n\n<figure class=\"wp-block-image size-large\"><a href=\"https:\/\/utw-piotrkow.pl\/wputw\/wp-content\/uploads\/2023\/01\/Wyklad-Jakimiuk28111502.jpg\"><img loading=\"lazy\" decoding=\"async\" width=\"800\" height=\"532\" data-id=\"746\" src=\"https:\/\/utw-piotrkow.pl\/wputw\/wp-content\/uploads\/2023\/01\/Wyklad-Jakimiuk28111502.jpg\" alt=\"\" class=\"wp-image-746\" srcset=\"https:\/\/utw-piotrkow.pl\/wputw\/wp-content\/uploads\/2023\/01\/Wyklad-Jakimiuk28111502.jpg 800w, https:\/\/utw-piotrkow.pl\/wputw\/wp-content\/uploads\/2023\/01\/Wyklad-Jakimiuk28111502-300x200.jpg 300w, https:\/\/utw-piotrkow.pl\/wputw\/wp-content\/uploads\/2023\/01\/Wyklad-Jakimiuk28111502-768x511.jpg 768w\" sizes=\"auto, (max-width: 800px) 100vw, 800px\" \/><\/a><\/figure>\n\n\n\n<figure class=\"wp-block-image size-large\"><a href=\"https:\/\/utw-piotrkow.pl\/wputw\/wp-content\/uploads\/2023\/01\/Wyklad-Jakimiuk28111503.jpg\"><img loading=\"lazy\" decoding=\"async\" width=\"800\" height=\"532\" data-id=\"747\" src=\"https:\/\/utw-piotrkow.pl\/wputw\/wp-content\/uploads\/2023\/01\/Wyklad-Jakimiuk28111503.jpg\" alt=\"\" class=\"wp-image-747\" srcset=\"https:\/\/utw-piotrkow.pl\/wputw\/wp-content\/uploads\/2023\/01\/Wyklad-Jakimiuk28111503.jpg 800w, https:\/\/utw-piotrkow.pl\/wputw\/wp-content\/uploads\/2023\/01\/Wyklad-Jakimiuk28111503-300x200.jpg 300w, https:\/\/utw-piotrkow.pl\/wputw\/wp-content\/uploads\/2023\/01\/Wyklad-Jakimiuk28111503-768x511.jpg 768w\" sizes=\"auto, (max-width: 800px) 100vw, 800px\" \/><\/a><\/figure>\n<\/figure>\n","protected":false},"excerpt":{"rendered":"<p>25 listopada 2015 r. cz\u0142onkowie UTW spotkali si\u0119 w Cerkwi p.w. Wszystkich \u015awi\u0119tych na wyk\u0142adzie Religia Prawos\u0142awna &#8211; historia piotrkowskiej cerkwi. O dziejach cerkwi opowiada\u0142 proboszcz ks. mgr Jan Jakimiuk. Powstanie parafii prawos\u0142awnej w Piotrkowie zwi\u0105zane jest z grup\u0105 religijn\u0105 Grek\u00f3w, kt\u00f3ra przyby\u0142a do Piotrkowa z Macedonii w po\u0142owie XVIII wieku. Kr\u00f3l Stanis\u0142aw August zezwoli\u0142 [&hellip;]<\/p>\n","protected":false},"author":1,"featured_media":0,"comment_status":"closed","ping_status":"closed","sticky":false,"template":"","format":"standard","meta":{"zakra_page_container_layout":"customizer","zakra_page_sidebar_layout":"customizer","zakra_remove_content_margin":false,"zakra_sidebar":"customizer","zakra_transparent_header":"customizer","zakra_logo":0,"zakra_main_header_style":"default","zakra_menu_item_color":"","zakra_menu_item_hover_color":"","zakra_menu_item_active_color":"","zakra_menu_active_style":"","zakra_page_header":true,"footnotes":"","_links_to":"","_links_to_target":""},"categories":[7],"tags":[],"class_list":["post-744","post","type-post","status-publish","format-standard","hentry","category-2015-2016"],"_links":{"self":[{"href":"https:\/\/utw-piotrkow.pl\/wputw\/wp-json\/wp\/v2\/posts\/744","targetHints":{"allow":["GET"]}}],"collection":[{"href":"https:\/\/utw-piotrkow.pl\/wputw\/wp-json\/wp\/v2\/posts"}],"about":[{"href":"https:\/\/utw-piotrkow.pl\/wputw\/wp-json\/wp\/v2\/types\/post"}],"author":[{"embeddable":true,"href":"https:\/\/utw-piotrkow.pl\/wputw\/wp-json\/wp\/v2\/users\/1"}],"replies":[{"embeddable":true,"href":"https:\/\/utw-piotrkow.pl\/wputw\/wp-json\/wp\/v2\/comments?post=744"}],"version-history":[{"count":1,"href":"https:\/\/utw-piotrkow.pl\/wputw\/wp-json\/wp\/v2\/posts\/744\/revisions"}],"predecessor-version":[{"id":748,"href":"https:\/\/utw-piotrkow.pl\/wputw\/wp-json\/wp\/v2\/posts\/744\/revisions\/748"}],"wp:attachment":[{"href":"https:\/\/utw-piotrkow.pl\/wputw\/wp-json\/wp\/v2\/media?parent=744"}],"wp:term":[{"taxonomy":"category","embeddable":true,"href":"https:\/\/utw-piotrkow.pl\/wputw\/wp-json\/wp\/v2\/categories?post=744"},{"taxonomy":"post_tag","embeddable":true,"href":"https:\/\/utw-piotrkow.pl\/wputw\/wp-json\/wp\/v2\/tags?post=744"}],"curies":[{"name":"wp","href":"https:\/\/api.w.org\/{rel}","templated":true}]}}