{"id":804,"date":"2015-10-01T13:22:00","date_gmt":"2015-10-01T13:22:00","guid":{"rendered":"https:\/\/utw-piotrkow.pl\/wputw\/?p=804"},"modified":"2023-01-25T13:23:53","modified_gmt":"2023-01-25T13:23:53","slug":"i-inauguracyjna-sesja-obywatelskiego-parlamentu-seniorow-w-sejmie-rp","status":"publish","type":"post","link":"https:\/\/utw-piotrkow.pl\/wputw\/2015\/10\/01\/i-inauguracyjna-sesja-obywatelskiego-parlamentu-seniorow-w-sejmie-rp\/","title":{"rendered":"I inauguracyjna sesja Obywatelskiego Parlamentu Senior\u00f3w w Sejmie RP"},"content":{"rendered":"\n<p><strong>1 pa\u017adziernika 2015 r.<\/strong> bra\u0142am udzia\u0142 jako delegat w <strong>I inauguracyjnej sesji Obywatelskiego Parlamentu Senior\u00f3w w Sejmie RP<\/strong>.<br><br>Obywatelski Parlament Senior\u00f3w ma charakter pionierski. Jego celem jest jak najszersze przedstawicielstwo i rzecznictwo interes\u00f3w polskich senior\u00f3w, inspiracja i partnerski dialog z najwy\u017cszymi w\u0142adzami o sprawach os\u00f3b starszych.<br><br>1 pa\u017adziernika 2015 r. to wa\u017cna data, kt\u00f3ra wpisze si\u0119 w histori\u0119 polityki senioralnej ruchu UTW i innych organizacji senioralnych, a tak\u017ce wszystkich niezrzeszonych os\u00f3b starszych.<br><br>Na I sesji zosta\u0142o wybrane Prezydium OPS:<strong> Krystyna Lewkowicz &#8211; Przewodnicz\u0105ca OPS<\/strong> oraz <strong>Wiceprzewodnicz\u0105cy OPS w osobach:<\/strong><strong> Wies\u0142awa Borczyk,<\/strong><strong> Janusz Czy\u017c<\/strong><strong>, Ewa Kozdro\u0144<\/strong><strong>, El\u017cbieta Ostrowska<\/strong><strong>, Janusz Szymborski.<\/strong><br><br>Wszyscy delegaci do Obywatelskiego Parlamentu Senior\u00f3w z\u0142o\u017cyli uroczyste \u015blubowanie.<br>Ukonstytuowa\u0142y si\u0119 Komisje problemowe OPS. Ja zg\u0142osi\u0142am deklaracj\u0119 pracy w Komisji ds. strategii, bud\u017cetu i finans\u00f3w.<br><br>G\u0142os zabierali mi\u0119dzy innymi: <strong>Marsza\u0142ek Sejmu Ma\u0142gorzata Kidawa-B\u0142o\u0144ska, Premier Ewa Kopacz, Minister Zdrowia Marian Z\u0119bala, Minister Pracy i Polityki Spo\u0142ecznej W\u0142adys\u0142aw Kosiniak-Kamysz.<\/strong><br><br>Przewodnicz\u0105cy Sejmowej Komisji Polityki Senioralnej pose\u0142 <strong>Micha\u0142 Szczerba<\/strong> podzi\u0119kowa\u0142 za lata owocnej, bliskiej i przyjacielskiej wsp\u00f3\u0142pracy z UTW. Stwierdzi\u0142 \u017ce od s\u0142uchaczy UTW czerpa\u0142 inspiracje, motywacj\u0119 i pozytywn\u0105 energi\u0119. M\u00f3wi\u0142 o pracy nad podniesieniem statusu seniora w spo\u0142ecze\u0144stwie i rodzinie. Przekaza\u0142 wszystkim s\u0142uchaczom w nowym roku akademickim \u017cyczenia wiele zdrowia, satysfakcji, spe\u0142nienia marze\u0144 i realizowania pasji.<br><br>Zosta\u0142a przyj\u0119ta Deklaracja podsumowuj\u0105ca obrady OPS.<br><br>Inauguracyjna sesja plenarna odby\u0142a si\u0119 pod has\u0142em <strong><em>Seniorzy i przysz\u0142o\u015b\u0107 Polski.<\/em><\/strong><\/p>\n\n\n\n<p>Zapraszamy do obejrzenia <a href=\"http:\/\/www.utw-piotrkow.pl\/galerie\/2015\/Parlament.Seniorow(181015)\/index.html\" target=\"_blank\" rel=\"noreferrer noopener\"><strong>FOTOGALERII<\/strong><\/a> z tej imprezy.<\/p>\n\n\n\n<p><em>Janina Franczak-Kujawska<\/em><br>Prezes UTW Piotrk\u00f3w Trybunalski<em><\/em><\/p>\n","protected":false},"excerpt":{"rendered":"<p>1 pa\u017adziernika 2015 r. bra\u0142am udzia\u0142 jako delegat w I inauguracyjnej sesji Obywatelskiego Parlamentu Senior\u00f3w w Sejmie RP. Obywatelski Parlament Senior\u00f3w ma charakter pionierski. Jego celem jest jak najszersze przedstawicielstwo i rzecznictwo interes\u00f3w polskich senior\u00f3w, inspiracja i partnerski dialog z najwy\u017cszymi w\u0142adzami o sprawach os\u00f3b starszych. 1 pa\u017adziernika 2015 r. to wa\u017cna data, kt\u00f3ra wpisze [&hellip;]<\/p>\n","protected":false},"author":1,"featured_media":0,"comment_status":"closed","ping_status":"closed","sticky":false,"template":"","format":"standard","meta":{"zakra_page_container_layout":"customizer","zakra_page_sidebar_layout":"customizer","zakra_remove_content_margin":false,"zakra_sidebar":"customizer","zakra_transparent_header":"customizer","zakra_logo":0,"zakra_main_header_style":"default","zakra_menu_item_color":"","zakra_menu_item_hover_color":"","zakra_menu_item_active_color":"","zakra_menu_active_style":"","zakra_page_header":true,"footnotes":"","_links_to":"","_links_to_target":""},"categories":[7],"tags":[],"class_list":["post-804","post","type-post","status-publish","format-standard","hentry","category-2015-2016"],"_links":{"self":[{"href":"https:\/\/utw-piotrkow.pl\/wputw\/wp-json\/wp\/v2\/posts\/804","targetHints":{"allow":["GET"]}}],"collection":[{"href":"https:\/\/utw-piotrkow.pl\/wputw\/wp-json\/wp\/v2\/posts"}],"about":[{"href":"https:\/\/utw-piotrkow.pl\/wputw\/wp-json\/wp\/v2\/types\/post"}],"author":[{"embeddable":true,"href":"https:\/\/utw-piotrkow.pl\/wputw\/wp-json\/wp\/v2\/users\/1"}],"replies":[{"embeddable":true,"href":"https:\/\/utw-piotrkow.pl\/wputw\/wp-json\/wp\/v2\/comments?post=804"}],"version-history":[{"count":1,"href":"https:\/\/utw-piotrkow.pl\/wputw\/wp-json\/wp\/v2\/posts\/804\/revisions"}],"predecessor-version":[{"id":805,"href":"https:\/\/utw-piotrkow.pl\/wputw\/wp-json\/wp\/v2\/posts\/804\/revisions\/805"}],"wp:attachment":[{"href":"https:\/\/utw-piotrkow.pl\/wputw\/wp-json\/wp\/v2\/media?parent=804"}],"wp:term":[{"taxonomy":"category","embeddable":true,"href":"https:\/\/utw-piotrkow.pl\/wputw\/wp-json\/wp\/v2\/categories?post=804"},{"taxonomy":"post_tag","embeddable":true,"href":"https:\/\/utw-piotrkow.pl\/wputw\/wp-json\/wp\/v2\/tags?post=804"}],"curies":[{"name":"wp","href":"https:\/\/api.w.org\/{rel}","templated":true}]}}