{"id":817,"date":"2015-09-12T13:28:00","date_gmt":"2015-09-12T13:28:00","guid":{"rendered":"https:\/\/utw-piotrkow.pl\/wputw\/?p=817"},"modified":"2023-01-25T13:29:53","modified_gmt":"2023-01-25T13:29:53","slug":"forum-trzeciego-wieku","status":"publish","type":"post","link":"https:\/\/utw-piotrkow.pl\/wputw\/2015\/09\/12\/forum-trzeciego-wieku\/","title":{"rendered":"Forum Trzeciego Wieku"},"content":{"rendered":"\n<p>W dniach <strong>9-12 wrze\u015bnia 2015 roku<\/strong> jako lider Uniwersytetu Trzeciego Wieku w Piotrkowie Trybunalskim bra\u0142am udzia\u0142 w<strong> Forum Trzeciego Wieku \u2013 Konferencji w ramach XXV Forum Ekonomicznego w Krynicy Zdroju<\/strong>. <strong>Nowy S\u0105cz &#8211; Krynica Zdr\u00f3j.<\/strong><br><br>Jest to najwi\u0119ksze i najwa\u017cniejsze spotkanie w Europie \u015arodkowo-Wschodniej w kt\u00f3rym uczestnicz\u0105 liderzy ze \u015bwiata polityki i biznesu.<br>Brali\u015bmy udzia\u0142 w debacie<em> \u201ePartycypacja os\u00f3b starszych w \u017cyciu publicznym. Stan obecny i wyzwania na przysz\u0142o\u015b\u0107\u201d<\/em>.<br>Paneli\u015bci to mi\u0119dzy innymi; <strong>W\u0142adys\u0142aw Kosiniak-Kamysz<\/strong> \/Min. Pracy i Polityki Spo\u0142ecznej\/, <strong>Marian Zembala<\/strong> \/Min. Zdrowia\/, <strong>Andrzej Czerwi\u0144ski <\/strong>\/Min. Skarbu Pa\u0144stwa\/,<strong> Micha\u0142 Szczerba<\/strong> \/Przewod. Sejmowej Komisji Polityki Senioralne\/ i inni znamienici go\u015bcie.<br><br>Dyskusja dotyczy\u0142a przysz\u0142o\u015bci oraz wyzwa\u0144, jakie stoj\u0105 przed Europ\u0105 w perspektywie starzej\u0105cego si\u0119 spo\u0142ecze\u0144stwa.<br><br>W Krynicy Zdroju brali\u015bmy udzia\u0142 w sesjach plenarnych:<br>I Sesja:<strong> Europa wobec nowych wyzwa\u0144. M\u0142odo\u015b\u0107 czy do\u015bwiadczenie<\/strong>,<br>II Sesja: <strong>Kapitalizm XXI wieku. Pytanie o warto\u015bci.<\/strong><br><br>oraz panelach:<br><br>I Panel: <strong>Miasta\/Gminy przyjazne starzeniu si\u0119 spo\u0142ecze\u0144stwa<\/strong>,<br>II Panel: <strong>Demografia a gospodarka \u2013 ekonomiczne wyzwania procesu starzenia si\u0119 spo\u0142ecze\u0144stw w Polsce i na \u015awiecie. Srebrna gospodarka. Spo\u0142eczna odpowiedzialno\u015b\u0107 biznesu.<\/strong><\/p>\n\n\n\n<p>Celem debat oraz paneli dyskusyjnych by\u0142o poruszanie temat\u00f3w zwi\u0105zanych z partycypacj\u0105 os\u00f3b starszych w \u017cyciu publicznym, zmian demograficznych, srebrnej gospodarki, spo\u0142ecznej odpowiedzialno\u015bci biznesu, czy perspektyw rozwoju Uniwersytet\u00f3w Trzeciego Wieku i inicjatyw mi\u0119dzypokoleniowych.<br><br>Frekwencja na Forum III Wieku \u015bwiadczy o niezwyk\u0142ym potencjale tego typu spotka\u0144.<br><br>W sesjach plenarnych, panelach i debatach uczestniczy\u0142o ponad 200 lider\u00f3w UTW. Go\u015b\u0107mi Forum byli znani politycy, samorz\u0105dowcy, przedstawiciele \u015bwiata nauki, \u015brodowisk gospodarczych oraz eksperci, m.in.: <strong>Sven Astheimer <\/strong>\/Niemcy\/, <strong>Andrzej Klesyk<\/strong> \/Polska\/,<strong> Pedro Pereira Da Silva<\/strong> \/Polska\/, <strong>Iweta Radicowa<\/strong> \/S\u0142owacja\/, <strong>Andrei Illarionov<\/strong> \/Rosja\/, <strong>Pawe\u0142 Sza\u0142amacha<\/strong> \/Polska\/, <strong>Fabrice Demarigny<\/strong> \/Francja\/, <strong>Piotr Gli\u0144ski<\/strong> \/Polska\/, <strong>Jan Mladek<\/strong> \/Czechy\/, <strong>Hannes Swoboda<\/strong> \/Austria\/, <strong>Ksi\u0105\u017c\u0119 Michael von Lichtenstein<\/strong> \/Lichtenstein\/.<\/p>\n\n\n\n<p>Zapraszamy do obejrzenia <a href=\"http:\/\/www.utw-piotrkow.pl\/galerie\/2015\/Forum.Ekonomiczne(170915)\/index.html\" target=\"_blank\" rel=\"noreferrer noopener\"><strong>FOTOGALERII<\/strong><\/a> z tej imprezy.<\/p>\n\n\n\n<p><em>Janina Franczak-Kujawska<\/em><br>Prezes UTW Piotrk\u00f3w Trybunalski<em><\/em><\/p>\n","protected":false},"excerpt":{"rendered":"<p>W dniach 9-12 wrze\u015bnia 2015 roku jako lider Uniwersytetu Trzeciego Wieku w Piotrkowie Trybunalskim bra\u0142am udzia\u0142 w Forum Trzeciego Wieku \u2013 Konferencji w ramach XXV Forum Ekonomicznego w Krynicy Zdroju. Nowy S\u0105cz &#8211; Krynica Zdr\u00f3j. Jest to najwi\u0119ksze i najwa\u017cniejsze spotkanie w Europie \u015arodkowo-Wschodniej w kt\u00f3rym uczestnicz\u0105 liderzy ze \u015bwiata polityki i biznesu.Brali\u015bmy udzia\u0142 w [&hellip;]<\/p>\n","protected":false},"author":1,"featured_media":0,"comment_status":"closed","ping_status":"closed","sticky":false,"template":"","format":"standard","meta":{"zakra_page_container_layout":"customizer","zakra_page_sidebar_layout":"customizer","zakra_remove_content_margin":false,"zakra_sidebar":"customizer","zakra_transparent_header":"customizer","zakra_logo":0,"zakra_main_header_style":"default","zakra_menu_item_color":"","zakra_menu_item_hover_color":"","zakra_menu_item_active_color":"","zakra_menu_active_style":"","zakra_page_header":true,"footnotes":"","_links_to":"","_links_to_target":""},"categories":[7],"tags":[],"class_list":["post-817","post","type-post","status-publish","format-standard","hentry","category-2015-2016"],"_links":{"self":[{"href":"https:\/\/utw-piotrkow.pl\/wputw\/wp-json\/wp\/v2\/posts\/817","targetHints":{"allow":["GET"]}}],"collection":[{"href":"https:\/\/utw-piotrkow.pl\/wputw\/wp-json\/wp\/v2\/posts"}],"about":[{"href":"https:\/\/utw-piotrkow.pl\/wputw\/wp-json\/wp\/v2\/types\/post"}],"author":[{"embeddable":true,"href":"https:\/\/utw-piotrkow.pl\/wputw\/wp-json\/wp\/v2\/users\/1"}],"replies":[{"embeddable":true,"href":"https:\/\/utw-piotrkow.pl\/wputw\/wp-json\/wp\/v2\/comments?post=817"}],"version-history":[{"count":1,"href":"https:\/\/utw-piotrkow.pl\/wputw\/wp-json\/wp\/v2\/posts\/817\/revisions"}],"predecessor-version":[{"id":818,"href":"https:\/\/utw-piotrkow.pl\/wputw\/wp-json\/wp\/v2\/posts\/817\/revisions\/818"}],"wp:attachment":[{"href":"https:\/\/utw-piotrkow.pl\/wputw\/wp-json\/wp\/v2\/media?parent=817"}],"wp:term":[{"taxonomy":"category","embeddable":true,"href":"https:\/\/utw-piotrkow.pl\/wputw\/wp-json\/wp\/v2\/categories?post=817"},{"taxonomy":"post_tag","embeddable":true,"href":"https:\/\/utw-piotrkow.pl\/wputw\/wp-json\/wp\/v2\/tags?post=817"}],"curies":[{"name":"wp","href":"https:\/\/api.w.org\/{rel}","templated":true}]}}