{"id":842,"date":"2017-06-24T13:44:00","date_gmt":"2017-06-24T13:44:00","guid":{"rendered":"https:\/\/utw-piotrkow.pl\/wputw\/?p=842"},"modified":"2023-01-25T13:46:02","modified_gmt":"2023-01-25T13:46:02","slug":"jesien-zycia-z-uniwersytetem-trzeciego-wieku","status":"publish","type":"post","link":"https:\/\/utw-piotrkow.pl\/wputw\/2017\/06\/24\/jesien-zycia-z-uniwersytetem-trzeciego-wieku\/","title":{"rendered":"\u201eJesie\u0144 \u017cycia z Uniwersytetem Trzeciego Wieku\u201d"},"content":{"rendered":"\n<p><em><strong>&#8222;Jesie\u0144 \u017cycia z Uniwersytetem Trzeciego Wieku&#8221;<\/strong><\/em> &#8211; takie przes\u0142anie &nbsp;towarzyszy\u0142o prezentacji dotychczasowego dorobku naszego Stowarzyszenia, w czasie tegorocznych <strong>Imienin Piotrkowa Trybunalskiego<\/strong>, kt\u00f3re odbywa\u0142y si\u0119 w dniu<strong> 24 czerwca 2017 roku<\/strong> na Rynku Trybunalskim.<\/p>\n\n\n\n<p>Na stoisku prezentowane by\u0142y mi\u0119dzy innymi: kronika i wydawnictwa Stowarzyszenia, kroniki k\u00f3\u0142 zainteresowa\u0144, pi\u0119kne prace Ko\u0142a Hobbystek \u2013 hafty, bi\u017cuteria, rob\u00f3tki szyde\u0142kowe, decoupage oraz zdj\u0119cia wykonane przez cz\u0142onk\u00f3w k\u00f3\u0142 fotograficznych, w tym wystawa fotograficzna <em><strong>&#8222;Piotrk\u00f3w \u2013 nasze miasto&#8221;<\/strong><\/em>. Informacji o dzia\u0142alno\u015bci Stowarzyszenia udzielali dy\u017curuj\u0105cy na stoisku cz\u0142onkowie UTW.<\/p>\n\n\n\n<p>Stoisko nasze cieszy\u0142o si\u0119 du\u017cym zainteresowaniem mieszka\u0144c\u00f3w Piotrkowa, szczeg\u00f3lnie os\u00f3b wieku 60+.<\/p>\n\n\n\n<p><strong><a rel=\"noreferrer noopener\" href=\"http:\/\/www.utw-piotrkow.pl\/galerie\/2017\/Wycieczka-Karkonosze(300617)\/index.html\" target=\"_blank\"><\/a><\/strong><em>Tekst: M. Hi\u0144cza<\/em><\/p>\n","protected":false},"excerpt":{"rendered":"<p>&#8222;Jesie\u0144 \u017cycia z Uniwersytetem Trzeciego Wieku&#8221; &#8211; takie przes\u0142anie &nbsp;towarzyszy\u0142o prezentacji dotychczasowego dorobku naszego Stowarzyszenia, w czasie tegorocznych Imienin Piotrkowa Trybunalskiego, kt\u00f3re odbywa\u0142y si\u0119 w dniu 24 czerwca 2017 roku na Rynku Trybunalskim. Na stoisku prezentowane by\u0142y mi\u0119dzy innymi: kronika i wydawnictwa Stowarzyszenia, kroniki k\u00f3\u0142 zainteresowa\u0144, pi\u0119kne prace Ko\u0142a Hobbystek \u2013 hafty, bi\u017cuteria, rob\u00f3tki szyde\u0142kowe, [&hellip;]<\/p>\n","protected":false},"author":1,"featured_media":0,"comment_status":"closed","ping_status":"closed","sticky":false,"template":"","format":"standard","meta":{"zakra_page_container_layout":"customizer","zakra_page_sidebar_layout":"customizer","zakra_remove_content_margin":false,"zakra_sidebar":"customizer","zakra_transparent_header":"customizer","zakra_logo":0,"zakra_main_header_style":"default","zakra_menu_item_color":"","zakra_menu_item_hover_color":"","zakra_menu_item_active_color":"","zakra_menu_active_style":"","zakra_page_header":true,"footnotes":"","_links_to":"","_links_to_target":""},"categories":[8],"tags":[],"class_list":["post-842","post","type-post","status-publish","format-standard","hentry","category-2016-2017"],"_links":{"self":[{"href":"https:\/\/utw-piotrkow.pl\/wputw\/wp-json\/wp\/v2\/posts\/842","targetHints":{"allow":["GET"]}}],"collection":[{"href":"https:\/\/utw-piotrkow.pl\/wputw\/wp-json\/wp\/v2\/posts"}],"about":[{"href":"https:\/\/utw-piotrkow.pl\/wputw\/wp-json\/wp\/v2\/types\/post"}],"author":[{"embeddable":true,"href":"https:\/\/utw-piotrkow.pl\/wputw\/wp-json\/wp\/v2\/users\/1"}],"replies":[{"embeddable":true,"href":"https:\/\/utw-piotrkow.pl\/wputw\/wp-json\/wp\/v2\/comments?post=842"}],"version-history":[{"count":1,"href":"https:\/\/utw-piotrkow.pl\/wputw\/wp-json\/wp\/v2\/posts\/842\/revisions"}],"predecessor-version":[{"id":843,"href":"https:\/\/utw-piotrkow.pl\/wputw\/wp-json\/wp\/v2\/posts\/842\/revisions\/843"}],"wp:attachment":[{"href":"https:\/\/utw-piotrkow.pl\/wputw\/wp-json\/wp\/v2\/media?parent=842"}],"wp:term":[{"taxonomy":"category","embeddable":true,"href":"https:\/\/utw-piotrkow.pl\/wputw\/wp-json\/wp\/v2\/categories?post=842"},{"taxonomy":"post_tag","embeddable":true,"href":"https:\/\/utw-piotrkow.pl\/wputw\/wp-json\/wp\/v2\/tags?post=842"}],"curies":[{"name":"wp","href":"https:\/\/api.w.org\/{rel}","templated":true}]}}