{"id":846,"date":"2017-06-07T13:47:00","date_gmt":"2017-06-07T13:47:00","guid":{"rendered":"https:\/\/utw-piotrkow.pl\/wputw\/?p=846"},"modified":"2023-01-25T13:48:32","modified_gmt":"2023-01-25T13:48:32","slug":"cerkwie-piotrkowskie","status":"publish","type":"post","link":"https:\/\/utw-piotrkow.pl\/wputw\/2017\/06\/07\/cerkwie-piotrkowskie\/","title":{"rendered":"\u201eCerkwie Piotrkowskie\u201d"},"content":{"rendered":"\n<p><strong>&#8222;Cerkwie Piotrkowskie&#8221;<\/strong> to temat prezentacji, kt\u00f3r\u0105 przeprowadzi\u0142 dla s\u0142uchaczy UTW <strong>07.06.2017 roku<\/strong> gaw\u0119dziarz &#8211; pasjonat lek. med. <strong>Leszek J\u00f3zefacki<\/strong>.<\/p>\n\n\n\n<p>Do czas\u00f3w wsp\u00f3\u0142czesnych przetrwa\u0142a w Piotrkowie tylko jedna cerkiew, przy ulicy S\u0142owackiego, natomiast w historii miasta by\u0142o ich cztery. Pierwsza, to wiek XVIII, kiedy przybywa z Macedonii grupa Grek\u00f3w. Na ich potrzeby otwarto kaplic\u0119 przy obecnym placu Czarneckiego (siedziba PTTK). W miar\u0119 jak nap\u0142ywali do miasta Rosjanie, wybudowano, a w nied\u0142ugim czasie rozbudowano cerkiew prawos\u0142awn\u0105, kt\u00f3ra jest przy ul. S\u0142owackiego. Ca\u0142e wyposa\u017cenie przyjecha\u0142o z Petersburga \u2013 wykonane przez najlepszych mistrz\u00f3w. Na terenie Zamku istnia\u0142a cerkiew garnizonowa (dla wojska), a dla nauczycieli, ich rodzin i uczni\u00f3w cerkiew w Gimnazjum M\u0119skim (obecnie I LO im. B. Chrobrego).<\/p>\n\n\n\n<p>Ciekawy temat wyk\u0142adu i osoba wyk\u0142adowcy sprawi\u0142y, \u00a0\u017ce aula \u201e p\u0119ka\u0142a w szwach\u201d.<\/p>\n\n\n\n<p><em>Tekst: J. \u0141ukasik<\/em><\/p>\n","protected":false},"excerpt":{"rendered":"<p>&#8222;Cerkwie Piotrkowskie&#8221; to temat prezentacji, kt\u00f3r\u0105 przeprowadzi\u0142 dla s\u0142uchaczy UTW 07.06.2017 roku gaw\u0119dziarz &#8211; pasjonat lek. med. Leszek J\u00f3zefacki. Do czas\u00f3w wsp\u00f3\u0142czesnych przetrwa\u0142a w Piotrkowie tylko jedna cerkiew, przy ulicy S\u0142owackiego, natomiast w historii miasta by\u0142o ich cztery. Pierwsza, to wiek XVIII, kiedy przybywa z Macedonii grupa Grek\u00f3w. Na ich potrzeby otwarto kaplic\u0119 przy obecnym [&hellip;]<\/p>\n","protected":false},"author":1,"featured_media":0,"comment_status":"closed","ping_status":"closed","sticky":false,"template":"","format":"standard","meta":{"zakra_page_container_layout":"customizer","zakra_page_sidebar_layout":"customizer","zakra_remove_content_margin":false,"zakra_sidebar":"customizer","zakra_transparent_header":"customizer","zakra_logo":0,"zakra_main_header_style":"default","zakra_menu_item_color":"","zakra_menu_item_hover_color":"","zakra_menu_item_active_color":"","zakra_menu_active_style":"","zakra_page_header":true,"footnotes":"","_links_to":"","_links_to_target":""},"categories":[8],"tags":[],"class_list":["post-846","post","type-post","status-publish","format-standard","hentry","category-2016-2017"],"_links":{"self":[{"href":"https:\/\/utw-piotrkow.pl\/wputw\/wp-json\/wp\/v2\/posts\/846","targetHints":{"allow":["GET"]}}],"collection":[{"href":"https:\/\/utw-piotrkow.pl\/wputw\/wp-json\/wp\/v2\/posts"}],"about":[{"href":"https:\/\/utw-piotrkow.pl\/wputw\/wp-json\/wp\/v2\/types\/post"}],"author":[{"embeddable":true,"href":"https:\/\/utw-piotrkow.pl\/wputw\/wp-json\/wp\/v2\/users\/1"}],"replies":[{"embeddable":true,"href":"https:\/\/utw-piotrkow.pl\/wputw\/wp-json\/wp\/v2\/comments?post=846"}],"version-history":[{"count":1,"href":"https:\/\/utw-piotrkow.pl\/wputw\/wp-json\/wp\/v2\/posts\/846\/revisions"}],"predecessor-version":[{"id":847,"href":"https:\/\/utw-piotrkow.pl\/wputw\/wp-json\/wp\/v2\/posts\/846\/revisions\/847"}],"wp:attachment":[{"href":"https:\/\/utw-piotrkow.pl\/wputw\/wp-json\/wp\/v2\/media?parent=846"}],"wp:term":[{"taxonomy":"category","embeddable":true,"href":"https:\/\/utw-piotrkow.pl\/wputw\/wp-json\/wp\/v2\/categories?post=846"},{"taxonomy":"post_tag","embeddable":true,"href":"https:\/\/utw-piotrkow.pl\/wputw\/wp-json\/wp\/v2\/tags?post=846"}],"curies":[{"name":"wp","href":"https:\/\/api.w.org\/{rel}","templated":true}]}}